{"id":1574,"date":"2018-01-11T19:31:35","date_gmt":"2018-01-11T18:31:35","guid":{"rendered":"http:\/\/www.clubsurco.es\/?p=1574"},"modified":"2018-05-07T21:45:45","modified_gmt":"2018-05-07T19:45:45","slug":"2a-de-liga-andaluza-2018-finana-almeria","status":"publish","type":"post","link":"https:\/\/www.clubsurco.es\/?p=1574","title":{"rendered":"VALENT\u00cdN Campe\u00f3n en la  6\u00aa de Liga Andaluza en OPEN ROJO"},"content":{"rendered":"<p>Nueve corredores de SURCO han participado este fin de semana en la 6\u00aa prueba de Liga Andaluza, que era adem\u00e1s Campeonato de Andaluc\u00eda en la modalidad de Media Distancia para las categor\u00edas oficiales. Se celebr\u00f3 en la Villa de Frailes ( Ja\u00e9n ).<\/p>\n<p><span style=\"color: #ff0000;\"><strong>Valent\u00edn Ib\u00e1\u00f1ez Moreno<\/strong><\/span> consigui\u00f3 el<span style=\"color: #ff0000;\"> <strong>ORO<\/strong><\/span> en la suma de tiempos de las dos carreras que ten\u00eda la prueba. Un <span style=\"color: #ff0000;\"><strong>ORO<\/strong><\/span> que resulta especialmente destacable, porque fue el \u00fanico corredor de su categor\u00eda que fue capaz de completar los dos recorridos sin error, lo que da idea de la dificultad t\u00e9cnica y f\u00edsica que presentaban.<\/p>\n<p>Respecto al Campeonato de Andaluc\u00eda, <span style=\"color: #ff0000;\"><strong>Juan David P\u00e9rez-Caballero Fern\u00e1ndez<\/strong><\/span> consigui\u00f3 la <span style=\"color: #ff0000;\"><strong>PLATA<\/strong><\/span>, proclam\u00e1ndose <span style=\"color: #ff0000;\"><strong>SUBCAMPE\u00d3N<\/strong><\/span> de Andaluc\u00eda en M-VET 65. Tambi\u00e9n consigui\u00f3 la <span style=\"color: #ff0000;\"><strong>PLATA<\/strong><\/span> por la suma de tiempos en la 6\u00aa de Liga Andaluza.<\/p>\n<p><span style=\"color: #ff0000;\"><strong>Daniel Mu\u00f1oz Carrasco<\/strong><\/span>, se estren\u00f3 en el podio al conseguir el <span style=\"color: #ff0000;\"><strong>BRONCE<\/strong><\/span> de la prueba en su categor\u00eda OPEN NARANJA por la suma de tiempos de las dos carreras.<\/p>\n<p>Y a punto estuvo de subir <span style=\"color: #ff0000;\"><strong>Ana Bel\u00e9n Escamilla Y\u00e9lamos<\/strong><\/span>, que qued\u00f3 TERCERA en la carrera del s\u00e1bado, pero que qued\u00f3 cuarta en la suma de tiempos de las dos carreras.<\/p>\n<p>Ha sido un fin de semana intenso l\u00fadico-deportivo, con dos pruebas de Orientaci\u00f3n muy t\u00e9cnicas y con una cierta exigencia f\u00edsica, que ha tenido su vertiente l\u00fadica con el disfrute de la espectacular tirolina de Frailes, el trenecito, su gastronom\u00eda y el arroz caldoso con el que el Ayuntamiento de la Villa obsequi\u00f3 a todos los corredores al finalizar la entrega de trofeos.<\/p>\n<p>Y adem\u00e1s, se entregaron por fin las medallas de <span style=\"color: #ff0000;\"><strong>nuestra prueba de Fi\u00f1ana<\/strong><\/span>.<\/p>\n<p><span style=\"color: #ff0000;\"><strong>Francisco Jos\u00e9 L\u00f3pez Mart\u00edn<\/strong><\/span> ( por ausencia lo recogi\u00f3 Daniel ) hab\u00eda sido <span style=\"color: #ff0000;\"><strong>CAMPE\u00d3N<\/strong><\/span> en M-Senior B, y <span style=\"color: #ff0000;\"><strong>M\u00aa del Mar Ferri Garc\u00eda<\/strong><\/span> recogi\u00f3 la medalla de <span style=\"color: #ff0000;\"><strong>BRONCE<\/strong><\/span> que hab\u00eda conseguido en aquella prueba.<\/p>\n<p style=\"text-align: center;\"><span style=\"color: #ff0000;\"><strong>\u00a1\u00a1\u00a1\u00a1\u00a0 E N H O R A B U E N A\u00a0 !!!<\/strong><\/span><\/p>\n<p style=\"text-align: center;\"><strong>\u00a0<\/strong><a href=\"https:\/\/www.clubsurco.es\/?page_id=1761\"><span style=\"color: #0000ff;\"><strong>M\u00e1s fotos<\/strong><\/span><\/a><\/p>\n<p><img loading=\"lazy\" decoding=\"async\" class=\"aligncenter wp-image-2069\" src=\"https:\/\/www.clubsurco.es\/wp-content\/uploads\/2226-2018-05-6-6\u00aa-LA-FRAILES-JA\u00c9N-Larga-y-Trofeos-232x300.jpg\" alt=\"\" width=\"378\" height=\"489\" srcset=\"https:\/\/www.clubsurco.es\/wp-content\/uploads\/2226-2018-05-6-6\u00aa-LA-FRAILES-JA\u00c9N-Larga-y-Trofeos-232x300.jpg 232w, https:\/\/www.clubsurco.es\/wp-content\/uploads\/2226-2018-05-6-6\u00aa-LA-FRAILES-JA\u00c9N-Larga-y-Trofeos.jpg 571w\" sizes=\"auto, (max-width: 378px) 100vw, 378px\" \/><\/p>\n<p style=\"text-align: center;\"><img loading=\"lazy\" decoding=\"async\" class=\"wp-image-2066 alignleft\" src=\"https:\/\/www.clubsurco.es\/wp-content\/uploads\/2164-2018-05-6-6\u00aa-LA-FRAILES-JA\u00c9N-Larga-y-Trofeos-187x300.jpg\" alt=\"\" width=\"195\" height=\"313\" srcset=\"https:\/\/www.clubsurco.es\/wp-content\/uploads\/2164-2018-05-6-6\u00aa-LA-FRAILES-JA\u00c9N-Larga-y-Trofeos-187x300.jpg 187w, https:\/\/www.clubsurco.es\/wp-content\/uploads\/2164-2018-05-6-6\u00aa-LA-FRAILES-JA\u00c9N-Larga-y-Trofeos.jpg 263w\" sizes=\"auto, (max-width: 195px) 100vw, 195px\" \/><img loading=\"lazy\" decoding=\"async\" class=\"wp-image-2070 alignleft\" src=\"https:\/\/www.clubsurco.es\/wp-content\/uploads\/2270-2018-05-6-6\u00aa-LA-FRAILES-JA\u00c9N-Larga-y-Trofeos-191x300.jpg\" alt=\"\" width=\"201\" height=\"315\" srcset=\"https:\/\/www.clubsurco.es\/wp-content\/uploads\/2270-2018-05-6-6\u00aa-LA-FRAILES-JA\u00c9N-Larga-y-Trofeos-191x300.jpg 191w, https:\/\/www.clubsurco.es\/wp-content\/uploads\/2270-2018-05-6-6\u00aa-LA-FRAILES-JA\u00c9N-Larga-y-Trofeos.jpg 308w\" sizes=\"auto, (max-width: 201px) 100vw, 201px\" \/><img loading=\"lazy\" decoding=\"async\" class=\"wp-image-2068 alignleft\" src=\"https:\/\/www.clubsurco.es\/wp-content\/uploads\/2225-2018-05-6-6\u00aa-LA-FRAILES-JA\u00c9N-Larga-y-Trofeos-212x300.jpg\" alt=\"\" width=\"223\" height=\"315\" srcset=\"https:\/\/www.clubsurco.es\/wp-content\/uploads\/2225-2018-05-6-6\u00aa-LA-FRAILES-JA\u00c9N-Larga-y-Trofeos-212x300.jpg 212w, https:\/\/www.clubsurco.es\/wp-content\/uploads\/2225-2018-05-6-6\u00aa-LA-FRAILES-JA\u00c9N-Larga-y-Trofeos.jpg 564w\" sizes=\"auto, (max-width: 223px) 100vw, 223px\" \/><\/p>\n<p>&nbsp;<\/p>\n<p>&nbsp;<\/p>\n<p>&nbsp;<\/p>\n<p>&nbsp;<\/p>\n<p>&nbsp;<\/p>\n<p>&nbsp;<\/p>\n<p>&nbsp;<\/p>\n<p><img loading=\"lazy\" decoding=\"async\" class=\" wp-image-2067 alignleft\" src=\"https:\/\/www.clubsurco.es\/wp-content\/uploads\/2170-2018-05-6-6\u00aa-LA-FRAILES-JA\u00c9N-Larga-y-Trofeos-202x300.jpg\" alt=\"\" width=\"213\" height=\"316\" srcset=\"https:\/\/www.clubsurco.es\/wp-content\/uploads\/2170-2018-05-6-6\u00aa-LA-FRAILES-JA\u00c9N-Larga-y-Trofeos-202x300.jpg 202w, https:\/\/www.clubsurco.es\/wp-content\/uploads\/2170-2018-05-6-6\u00aa-LA-FRAILES-JA\u00c9N-Larga-y-Trofeos-768x1142.jpg 768w, https:\/\/www.clubsurco.es\/wp-content\/uploads\/2170-2018-05-6-6\u00aa-LA-FRAILES-JA\u00c9N-Larga-y-Trofeos-689x1024.jpg 689w, https:\/\/www.clubsurco.es\/wp-content\/uploads\/2170-2018-05-6-6\u00aa-LA-FRAILES-JA\u00c9N-Larga-y-Trofeos-619x920.jpg 619w, https:\/\/www.clubsurco.es\/wp-content\/uploads\/2170-2018-05-6-6\u00aa-LA-FRAILES-JA\u00c9N-Larga-y-Trofeos.jpg 953w\" sizes=\"auto, (max-width: 213px) 100vw, 213px\" \/><\/p>\n<p>&nbsp;<\/p>\n<p>&nbsp;<\/p>\n<p style=\"text-align: left;\"><a href=\"https:\/\/www.clubsurco.es\/?page_id=1456\"><img loading=\"lazy\" decoding=\"async\" class=\"wp-image-2071 alignleft\" src=\"https:\/\/www.clubsurco.es\/wp-content\/uploads\/2284-2018-05-6-6\u00aa-LA-FRAILES-JA\u00c9N-Larga-y-Trofeos-300x166.jpg\" alt=\"\" width=\"484\" height=\"268\" srcset=\"https:\/\/www.clubsurco.es\/wp-content\/uploads\/2284-2018-05-6-6\u00aa-LA-FRAILES-JA\u00c9N-Larga-y-Trofeos-300x166.jpg 300w, https:\/\/www.clubsurco.es\/wp-content\/uploads\/2284-2018-05-6-6\u00aa-LA-FRAILES-JA\u00c9N-Larga-y-Trofeos-768x426.jpg 768w, https:\/\/www.clubsurco.es\/wp-content\/uploads\/2284-2018-05-6-6\u00aa-LA-FRAILES-JA\u00c9N-Larga-y-Trofeos-619x343.jpg 619w, https:\/\/www.clubsurco.es\/wp-content\/uploads\/2284-2018-05-6-6\u00aa-LA-FRAILES-JA\u00c9N-Larga-y-Trofeos.jpg 857w\" sizes=\"auto, (max-width: 484px) 100vw, 484px\" \/><\/a><\/p>\n<p>&nbsp;<\/p>\n","protected":false},"excerpt":{"rendered":"<p>Nueve corredores de SURCO han participado este fin de semana en la 6\u00aa prueba de Liga Andaluza, que era adem\u00e1s Campeonato de Andaluc\u00eda en la modalidad de Media Distancia para las categor\u00edas oficiales. Se celebr\u00f3 en la Villa de Frailes ( Ja\u00e9n ). Valent\u00edn Ib\u00e1\u00f1ez Moreno consigui\u00f3 el ORO en la suma de tiempos de [&hellip;]<\/p>\n","protected":false},"author":1,"featured_media":0,"comment_status":"closed","ping_status":"closed","sticky":false,"template":"","format":"standard","meta":{"footnotes":""},"categories":[1],"tags":[],"class_list":["post-1574","post","type-post","status-publish","format-standard","hentry","category-sin-categoria"],"_links":{"self":[{"href":"https:\/\/www.clubsurco.es\/index.php?rest_route=\/wp\/v2\/posts\/1574","targetHints":{"allow":["GET"]}}],"collection":[{"href":"https:\/\/www.clubsurco.es\/index.php?rest_route=\/wp\/v2\/posts"}],"about":[{"href":"https:\/\/www.clubsurco.es\/index.php?rest_route=\/wp\/v2\/types\/post"}],"author":[{"embeddable":true,"href":"https:\/\/www.clubsurco.es\/index.php?rest_route=\/wp\/v2\/users\/1"}],"replies":[{"embeddable":true,"href":"https:\/\/www.clubsurco.es\/index.php?rest_route=%2Fwp%2Fv2%2Fcomments&post=1574"}],"version-history":[{"count":6,"href":"https:\/\/www.clubsurco.es\/index.php?rest_route=\/wp\/v2\/posts\/1574\/revisions"}],"predecessor-version":[{"id":2075,"href":"https:\/\/www.clubsurco.es\/index.php?rest_route=\/wp\/v2\/posts\/1574\/revisions\/2075"}],"wp:attachment":[{"href":"https:\/\/www.clubsurco.es\/index.php?rest_route=%2Fwp%2Fv2%2Fmedia&parent=1574"}],"wp:term":[{"taxonomy":"category","embeddable":true,"href":"https:\/\/www.clubsurco.es\/index.php?rest_route=%2Fwp%2Fv2%2Fcategories&post=1574"},{"taxonomy":"post_tag","embeddable":true,"href":"https:\/\/www.clubsurco.es\/index.php?rest_route=%2Fwp%2Fv2%2Ftags&post=1574"}],"curies":[{"name":"wp","href":"https:\/\/api.w.org\/{rel}","templated":true}]}}