{"id":2198,"date":"2018-08-06T20:06:47","date_gmt":"2018-08-06T18:06:47","guid":{"rendered":"http:\/\/www.clubsurco.es\/?p=2198"},"modified":"2018-08-06T20:10:48","modified_gmt":"2018-08-06T18:10:48","slug":"lidia-y-juan-david-campeones-en-la-8a-de-liga-andaluza","status":"publish","type":"post","link":"https:\/\/www.clubsurco.es\/?p=2198","title":{"rendered":"LIDIA y JUAN DAVID Campeones en la 8\u00aa de Liga Andaluza"},"content":{"rendered":"<p>Cinco corredores de SURCO han participado este fin de semana en la 8\u00aa prueba de Liga Andaluza y XIV trofeo ACACYR-M\u00c1GINA, celebrada en Torres y Cabra de Sto Cristo ( Ja\u00e9n ).<\/p>\n<p><span style=\"color: #ff0000;\"><strong>Lidia G\u00f3mez Montoya<\/strong><\/span> obtuvo la <span style=\"color: #ff0000;\"><strong>PLATA<\/strong><\/span> en el Sprint de Torres, y pese a lesionarse en la carrera media de Cabra de Sto Cristo, obtuvo el <span style=\"color: #ff0000;\"><strong>ORO<\/strong><\/span> del conjunto de las dos pruebas en su categor\u00eda OPEN ROJO.<\/p>\n<p><span style=\"color: #ff0000;\"><strong>Juan David P\u00e9rez-Caballero Fern\u00e1ndez<\/strong><\/span> obtuvo el <span style=\"color: #ff0000;\"><strong>ORO<\/strong><\/span> en las dos carreras, por lo que tambi\u00e9n qued\u00f3 campe\u00f3n de su categor\u00eda M-VET65.<\/p>\n<p style=\"text-align: center;\"><span style=\"color: #ff0000;\"><strong>\u00a1\u00a1\u00a1\u00a1\u00a0 E N H O R A B U E N A\u00a0 !!!<\/strong><\/span><\/p>\n<p>La prueba Sprint se disput\u00f3 en la poblaci\u00f3n de Torres, en las faldas de Sierra M\u00e1gina. El entramado de calles con fuertes desniveles y las elevadas temperaturas, hicieron que la prueba resultara f\u00edsicamente exigente.<\/p>\n<p>La carrera Media, ya en pleno campo, en la zona de Arroyo Santo, presentaba tambi\u00e9n fuertes desniveles al estar surcada por barrancos de bastante profundidad. El trazador hizo un buen trabajo, ya que distribuy\u00f3 los controles de manera acertada para evitar en lo posible el exceso de sube-baja, que con los calores reinantes habr\u00edan penalizado f\u00edsicamente la prueba. A\u00fan as\u00ed el campo es como es, y algunas subidas y bajadas fueron inevitables.<\/p>\n<p>Como an\u00e9cdota ( vamos a llamarla as\u00ed ), <span style=\"color: #ff0000;\"><strong>Jes\u00fas<\/strong><\/span> nos tuvo en vilo, ya que con todo el mundo en Meta, y pasado bastante tiempo, no terminaba de aparecer, por lo que empezamos a preocuparnos. Tanto es as\u00ed, que algunos corredores salieron en su b\u00fasqueda, y Protecci\u00f3n Civil se preparaba para hacer una batida.<\/p>\n<p>No hizo falta, en su control 10, se top\u00f3 con la persona de la organizaci\u00f3n que estaba recogiendo las balizas. Estaba tan metido en su carrera, que no se hab\u00eda dado cuenta del tiempo que hab\u00eda pasado y se sorprendi\u00f3 cuando le explicaron la movida. Todos respiramos tranquilos.<\/p>\n<p style=\"text-align: center;\"><a href=\"https:\/\/www.clubsurco.es\/?page_id=1761\"><strong>M\u00e1s fotos<\/strong><\/a><\/p>\n<p><img loading=\"lazy\" decoding=\"async\" class=\" wp-image-2187 alignleft\" src=\"https:\/\/www.clubsurco.es\/wp-content\/uploads\/0216-2018-08-04-8\u00aa-LA-TORRES-JAEN-Sprint-199x300.jpg\" alt=\"\" width=\"198\" height=\"298\" srcset=\"https:\/\/www.clubsurco.es\/wp-content\/uploads\/0216-2018-08-04-8\u00aa-LA-TORRES-JAEN-Sprint-199x300.jpg 199w, https:\/\/www.clubsurco.es\/wp-content\/uploads\/0216-2018-08-04-8\u00aa-LA-TORRES-JAEN-Sprint-768x1160.jpg 768w, https:\/\/www.clubsurco.es\/wp-content\/uploads\/0216-2018-08-04-8\u00aa-LA-TORRES-JAEN-Sprint-678x1024.jpg 678w, https:\/\/www.clubsurco.es\/wp-content\/uploads\/0216-2018-08-04-8\u00aa-LA-TORRES-JAEN-Sprint-619x935.jpg 619w, https:\/\/www.clubsurco.es\/wp-content\/uploads\/0216-2018-08-04-8\u00aa-LA-TORRES-JAEN-Sprint.jpg 816w\" sizes=\"auto, (max-width: 198px) 100vw, 198px\" \/> <img loading=\"lazy\" decoding=\"async\" class=\"size-medium wp-image-2190 alignleft\" src=\"https:\/\/www.clubsurco.es\/wp-content\/uploads\/0612-2018-08-04-8\u00aa-LA-TORRES-JAEN-Sprint-300x199.jpg\" alt=\"\" width=\"300\" height=\"199\" srcset=\"https:\/\/www.clubsurco.es\/wp-content\/uploads\/0612-2018-08-04-8\u00aa-LA-TORRES-JAEN-Sprint-300x199.jpg 300w, https:\/\/www.clubsurco.es\/wp-content\/uploads\/0612-2018-08-04-8\u00aa-LA-TORRES-JAEN-Sprint-768x509.jpg 768w, https:\/\/www.clubsurco.es\/wp-content\/uploads\/0612-2018-08-04-8\u00aa-LA-TORRES-JAEN-Sprint-1024x678.jpg 1024w, https:\/\/www.clubsurco.es\/wp-content\/uploads\/0612-2018-08-04-8\u00aa-LA-TORRES-JAEN-Sprint-619x410.jpg 619w, https:\/\/www.clubsurco.es\/wp-content\/uploads\/0612-2018-08-04-8\u00aa-LA-TORRES-JAEN-Sprint.jpg 1232w\" sizes=\"auto, (max-width: 300px) 100vw, 300px\" \/><img loading=\"lazy\" decoding=\"async\" class=\"size-medium wp-image-2189 alignleft\" src=\"https:\/\/www.clubsurco.es\/wp-content\/uploads\/0494-2018-08-04-8\u00aa-LA-TORRES-JAEN-Sprint-300x199.jpg\" alt=\"\" width=\"300\" height=\"199\" srcset=\"https:\/\/www.clubsurco.es\/wp-content\/uploads\/0494-2018-08-04-8\u00aa-LA-TORRES-JAEN-Sprint-300x199.jpg 300w, https:\/\/www.clubsurco.es\/wp-content\/uploads\/0494-2018-08-04-8\u00aa-LA-TORRES-JAEN-Sprint-768x509.jpg 768w, https:\/\/www.clubsurco.es\/wp-content\/uploads\/0494-2018-08-04-8\u00aa-LA-TORRES-JAEN-Sprint-1024x678.jpg 1024w, https:\/\/www.clubsurco.es\/wp-content\/uploads\/0494-2018-08-04-8\u00aa-LA-TORRES-JAEN-Sprint-619x410.jpg 619w, https:\/\/www.clubsurco.es\/wp-content\/uploads\/0494-2018-08-04-8\u00aa-LA-TORRES-JAEN-Sprint.jpg 1232w\" sizes=\"auto, (max-width: 300px) 100vw, 300px\" \/><img loading=\"lazy\" decoding=\"async\" class=\"size-medium wp-image-2188 alignnone\" src=\"https:\/\/www.clubsurco.es\/wp-content\/uploads\/0409-2018-08-04-8\u00aa-LA-TORRES-JAEN-Sprint-199x300.jpg\" alt=\"\" width=\"199\" height=\"300\" srcset=\"https:\/\/www.clubsurco.es\/wp-content\/uploads\/0409-2018-08-04-8\u00aa-LA-TORRES-JAEN-Sprint-199x300.jpg 199w, https:\/\/www.clubsurco.es\/wp-content\/uploads\/0409-2018-08-04-8\u00aa-LA-TORRES-JAEN-Sprint-768x1160.jpg 768w, https:\/\/www.clubsurco.es\/wp-content\/uploads\/0409-2018-08-04-8\u00aa-LA-TORRES-JAEN-Sprint-678x1024.jpg 678w, https:\/\/www.clubsurco.es\/wp-content\/uploads\/0409-2018-08-04-8\u00aa-LA-TORRES-JAEN-Sprint-619x935.jpg 619w, https:\/\/www.clubsurco.es\/wp-content\/uploads\/0409-2018-08-04-8\u00aa-LA-TORRES-JAEN-Sprint.jpg 816w\" sizes=\"auto, (max-width: 199px) 100vw, 199px\" \/><img loading=\"lazy\" decoding=\"async\" class=\"size-medium wp-image-2191 alignleft\" src=\"https:\/\/www.clubsurco.es\/wp-content\/uploads\/0797-2018-08-05-8\u00aa-LA-CABRA-S.C.-JAEN-Media-300x199.jpg\" alt=\"\" width=\"300\" height=\"199\" srcset=\"https:\/\/www.clubsurco.es\/wp-content\/uploads\/0797-2018-08-05-8\u00aa-LA-CABRA-S.C.-JAEN-Media-300x199.jpg 300w, https:\/\/www.clubsurco.es\/wp-content\/uploads\/0797-2018-08-05-8\u00aa-LA-CABRA-S.C.-JAEN-Media-768x509.jpg 768w, https:\/\/www.clubsurco.es\/wp-content\/uploads\/0797-2018-08-05-8\u00aa-LA-CABRA-S.C.-JAEN-Media-1024x678.jpg 1024w, https:\/\/www.clubsurco.es\/wp-content\/uploads\/0797-2018-08-05-8\u00aa-LA-CABRA-S.C.-JAEN-Media-619x410.jpg 619w, https:\/\/www.clubsurco.es\/wp-content\/uploads\/0797-2018-08-05-8\u00aa-LA-CABRA-S.C.-JAEN-Media.jpg 1232w\" sizes=\"auto, (max-width: 300px) 100vw, 300px\" \/><img loading=\"lazy\" decoding=\"async\" class=\"size-medium wp-image-2193 alignleft\" src=\"https:\/\/www.clubsurco.es\/wp-content\/uploads\/1072-2018-08-05-8\u00aa-LA-CABRA-S.C.-JAEN-Media-300x199.jpg\" alt=\"\" width=\"300\" height=\"199\" srcset=\"https:\/\/www.clubsurco.es\/wp-content\/uploads\/1072-2018-08-05-8\u00aa-LA-CABRA-S.C.-JAEN-Media-300x199.jpg 300w, https:\/\/www.clubsurco.es\/wp-content\/uploads\/1072-2018-08-05-8\u00aa-LA-CABRA-S.C.-JAEN-Media-768x509.jpg 768w, https:\/\/www.clubsurco.es\/wp-content\/uploads\/1072-2018-08-05-8\u00aa-LA-CABRA-S.C.-JAEN-Media-1024x678.jpg 1024w, https:\/\/www.clubsurco.es\/wp-content\/uploads\/1072-2018-08-05-8\u00aa-LA-CABRA-S.C.-JAEN-Media-619x410.jpg 619w, https:\/\/www.clubsurco.es\/wp-content\/uploads\/1072-2018-08-05-8\u00aa-LA-CABRA-S.C.-JAEN-Media.jpg 1232w\" sizes=\"auto, (max-width: 300px) 100vw, 300px\" \/><img loading=\"lazy\" decoding=\"async\" class=\"size-medium wp-image-2197 alignleft\" src=\"https:\/\/www.clubsurco.es\/wp-content\/uploads\/1232-2018-08-05-8\u00aa-LA-CABRA-S.C.-y-TORRES-JAEN-Trofeos-300x199.jpg\" alt=\"\" width=\"300\" height=\"199\" srcset=\"https:\/\/www.clubsurco.es\/wp-content\/uploads\/1232-2018-08-05-8\u00aa-LA-CABRA-S.C.-y-TORRES-JAEN-Trofeos-300x199.jpg 300w, https:\/\/www.clubsurco.es\/wp-content\/uploads\/1232-2018-08-05-8\u00aa-LA-CABRA-S.C.-y-TORRES-JAEN-Trofeos-768x509.jpg 768w, https:\/\/www.clubsurco.es\/wp-content\/uploads\/1232-2018-08-05-8\u00aa-LA-CABRA-S.C.-y-TORRES-JAEN-Trofeos-1024x678.jpg 1024w, https:\/\/www.clubsurco.es\/wp-content\/uploads\/1232-2018-08-05-8\u00aa-LA-CABRA-S.C.-y-TORRES-JAEN-Trofeos-619x410.jpg 619w, https:\/\/www.clubsurco.es\/wp-content\/uploads\/1232-2018-08-05-8\u00aa-LA-CABRA-S.C.-y-TORRES-JAEN-Trofeos.jpg 1232w\" sizes=\"auto, (max-width: 300px) 100vw, 300px\" \/><img loading=\"lazy\" decoding=\"async\" class=\"size-medium wp-image-2195 alignleft\" src=\"https:\/\/www.clubsurco.es\/wp-content\/uploads\/1147-2018-08-05-8\u00aa-LA-CABRA-S.C.-JAEN-Media-300x199.jpg\" alt=\"\" width=\"300\" height=\"199\" srcset=\"https:\/\/www.clubsurco.es\/wp-content\/uploads\/1147-2018-08-05-8\u00aa-LA-CABRA-S.C.-JAEN-Media-300x199.jpg 300w, https:\/\/www.clubsurco.es\/wp-content\/uploads\/1147-2018-08-05-8\u00aa-LA-CABRA-S.C.-JAEN-Media-768x509.jpg 768w, https:\/\/www.clubsurco.es\/wp-content\/uploads\/1147-2018-08-05-8\u00aa-LA-CABRA-S.C.-JAEN-Media-1024x678.jpg 1024w, https:\/\/www.clubsurco.es\/wp-content\/uploads\/1147-2018-08-05-8\u00aa-LA-CABRA-S.C.-JAEN-Media-619x410.jpg 619w, https:\/\/www.clubsurco.es\/wp-content\/uploads\/1147-2018-08-05-8\u00aa-LA-CABRA-S.C.-JAEN-Media.jpg 1232w\" sizes=\"auto, (max-width: 300px) 100vw, 300px\" \/><img loading=\"lazy\" decoding=\"async\" class=\"size-medium wp-image-2196 alignleft\" src=\"https:\/\/www.clubsurco.es\/wp-content\/uploads\/1222-2018-08-05-8\u00aa-LA-CABRA-S.C.-y-TORRES-JAEN-Trofeos-300x199.jpg\" alt=\"\" width=\"300\" height=\"199\" srcset=\"https:\/\/www.clubsurco.es\/wp-content\/uploads\/1222-2018-08-05-8\u00aa-LA-CABRA-S.C.-y-TORRES-JAEN-Trofeos-300x199.jpg 300w, https:\/\/www.clubsurco.es\/wp-content\/uploads\/1222-2018-08-05-8\u00aa-LA-CABRA-S.C.-y-TORRES-JAEN-Trofeos-768x509.jpg 768w, https:\/\/www.clubsurco.es\/wp-content\/uploads\/1222-2018-08-05-8\u00aa-LA-CABRA-S.C.-y-TORRES-JAEN-Trofeos-1024x678.jpg 1024w, https:\/\/www.clubsurco.es\/wp-content\/uploads\/1222-2018-08-05-8\u00aa-LA-CABRA-S.C.-y-TORRES-JAEN-Trofeos-619x410.jpg 619w, https:\/\/www.clubsurco.es\/wp-content\/uploads\/1222-2018-08-05-8\u00aa-LA-CABRA-S.C.-y-TORRES-JAEN-Trofeos.jpg 1232w\" sizes=\"auto, (max-width: 300px) 100vw, 300px\" \/><img loading=\"lazy\" decoding=\"async\" class=\"size-medium wp-image-2192 alignleft\" src=\"https:\/\/www.clubsurco.es\/wp-content\/uploads\/0987-2018-08-05-8\u00aa-LA-CABRA-S.C.-JAEN-Media-199x300.jpg\" alt=\"\" width=\"199\" height=\"300\" srcset=\"https:\/\/www.clubsurco.es\/wp-content\/uploads\/0987-2018-08-05-8\u00aa-LA-CABRA-S.C.-JAEN-Media-199x300.jpg 199w, https:\/\/www.clubsurco.es\/wp-content\/uploads\/0987-2018-08-05-8\u00aa-LA-CABRA-S.C.-JAEN-Media-768x1160.jpg 768w, https:\/\/www.clubsurco.es\/wp-content\/uploads\/0987-2018-08-05-8\u00aa-LA-CABRA-S.C.-JAEN-Media-678x1024.jpg 678w, https:\/\/www.clubsurco.es\/wp-content\/uploads\/0987-2018-08-05-8\u00aa-LA-CABRA-S.C.-JAEN-Media-619x935.jpg 619w, https:\/\/www.clubsurco.es\/wp-content\/uploads\/0987-2018-08-05-8\u00aa-LA-CABRA-S.C.-JAEN-Media.jpg 816w\" sizes=\"auto, (max-width: 199px) 100vw, 199px\" \/><img loading=\"lazy\" decoding=\"async\" class=\"size-medium wp-image-2194 alignleft\" src=\"https:\/\/www.clubsurco.es\/wp-content\/uploads\/1075-2018-08-05-8\u00aa-LA-CABRA-S.C.-JAEN-Media-199x300.jpg\" alt=\"\" width=\"199\" height=\"300\" srcset=\"https:\/\/www.clubsurco.es\/wp-content\/uploads\/1075-2018-08-05-8\u00aa-LA-CABRA-S.C.-JAEN-Media-199x300.jpg 199w, https:\/\/www.clubsurco.es\/wp-content\/uploads\/1075-2018-08-05-8\u00aa-LA-CABRA-S.C.-JAEN-Media-768x1160.jpg 768w, https:\/\/www.clubsurco.es\/wp-content\/uploads\/1075-2018-08-05-8\u00aa-LA-CABRA-S.C.-JAEN-Media-678x1024.jpg 678w, https:\/\/www.clubsurco.es\/wp-content\/uploads\/1075-2018-08-05-8\u00aa-LA-CABRA-S.C.-JAEN-Media-619x935.jpg 619w, https:\/\/www.clubsurco.es\/wp-content\/uploads\/1075-2018-08-05-8\u00aa-LA-CABRA-S.C.-JAEN-Media.jpg 816w\" sizes=\"auto, (max-width: 199px) 100vw, 199px\" \/><\/p>\n","protected":false},"excerpt":{"rendered":"<p>Cinco corredores de SURCO han participado este fin de semana en la 8\u00aa prueba de Liga Andaluza y XIV trofeo ACACYR-M\u00c1GINA, celebrada en Torres y Cabra de Sto Cristo ( Ja\u00e9n ). Lidia G\u00f3mez Montoya obtuvo la PLATA en el Sprint de Torres, y pese a lesionarse en la carrera media de Cabra de Sto [&hellip;]<\/p>\n","protected":false},"author":1,"featured_media":0,"comment_status":"closed","ping_status":"closed","sticky":false,"template":"","format":"standard","meta":{"footnotes":""},"categories":[1],"tags":[],"class_list":["post-2198","post","type-post","status-publish","format-standard","hentry","category-sin-categoria"],"_links":{"self":[{"href":"https:\/\/www.clubsurco.es\/index.php?rest_route=\/wp\/v2\/posts\/2198","targetHints":{"allow":["GET"]}}],"collection":[{"href":"https:\/\/www.clubsurco.es\/index.php?rest_route=\/wp\/v2\/posts"}],"about":[{"href":"https:\/\/www.clubsurco.es\/index.php?rest_route=\/wp\/v2\/types\/post"}],"author":[{"embeddable":true,"href":"https:\/\/www.clubsurco.es\/index.php?rest_route=\/wp\/v2\/users\/1"}],"replies":[{"embeddable":true,"href":"https:\/\/www.clubsurco.es\/index.php?rest_route=%2Fwp%2Fv2%2Fcomments&post=2198"}],"version-history":[{"count":3,"href":"https:\/\/www.clubsurco.es\/index.php?rest_route=\/wp\/v2\/posts\/2198\/revisions"}],"predecessor-version":[{"id":2202,"href":"https:\/\/www.clubsurco.es\/index.php?rest_route=\/wp\/v2\/posts\/2198\/revisions\/2202"}],"wp:attachment":[{"href":"https:\/\/www.clubsurco.es\/index.php?rest_route=%2Fwp%2Fv2%2Fmedia&parent=2198"}],"wp:term":[{"taxonomy":"category","embeddable":true,"href":"https:\/\/www.clubsurco.es\/index.php?rest_route=%2Fwp%2Fv2%2Fcategories&post=2198"},{"taxonomy":"post_tag","embeddable":true,"href":"https:\/\/www.clubsurco.es\/index.php?rest_route=%2Fwp%2Fv2%2Ftags&post=2198"}],"curies":[{"name":"wp","href":"https:\/\/api.w.org\/{rel}","templated":true}]}}