{"id":2910,"date":"2019-01-13T23:01:13","date_gmt":"2019-01-13T22:01:13","guid":{"rendered":"http:\/\/www.clubsurco.es\/?p=2910"},"modified":"2019-01-13T23:01:15","modified_gmt":"2019-01-13T22:01:15","slug":"iii-le-06-07-abril-2019","status":"publish","type":"post","link":"https:\/\/www.clubsurco.es\/?p=2910","title":{"rendered":"III LE &#8211; 06-07 Abril 2019"},"content":{"rendered":"\n<p class=\"has-text-color has-medium-font-size has-vivid-red-color\"><strong>III LE &#8211; V Trofeo Ciudad de Requena &#8211; VALENCIA\u00a0 \u2013 06 y 07 de Abril 2019<\/strong> <\/p>\n\n\n\n<p>La\nFederaci\u00f3n de Orientaci\u00f3n de la Comunidad de Valencia &#8211; FEDOCV &#8211; , la SD\nCorrecaminos y el Ayuntamiento de Requena al amparo de la Federaci\u00f3n\nInternacional de Orientaci\u00f3n &#8211; IOF &#8211; y la federaci\u00f3n Espa\u00f1ola de Orientaci\u00f3n &#8211;\nFEDO -, organizan en Requena los d\u00edas 5, 6 y 7 de abril de 2019 la 3\u00aa prueba de\nLiga Espa\u00f1ola y WRE.<\/p>\n\n\n\n<p>Pod\u00e9is inscribiros en el formulario que se\nencuentra en la secci\u00f3n de Competici\u00f3n.<\/p>\n\n\n\n<div class=\"wp-block-image\"><figure class=\"aligncenter is-resized\"><a href=\"https:\/\/www.clubsurco.es\/?page_id=2577\"><img loading=\"lazy\" decoding=\"async\" src=\"https:\/\/www.clubsurco.es\/wp-content\/uploads\/Prueba-11.jpg\" alt=\"\" class=\"wp-image-2911\" width=\"323\" height=\"113\" srcset=\"https:\/\/www.clubsurco.es\/wp-content\/uploads\/Prueba-11.jpg 831w, https:\/\/www.clubsurco.es\/wp-content\/uploads\/Prueba-11-300x105.jpg 300w, https:\/\/www.clubsurco.es\/wp-content\/uploads\/Prueba-11-768x270.jpg 768w, https:\/\/www.clubsurco.es\/wp-content\/uploads\/Prueba-11-619x218.jpg 619w\" sizes=\"auto, (max-width: 323px) 100vw, 323px\" \/><\/a><\/figure><\/div>\n","protected":false},"excerpt":{"rendered":"<p>III LE &#8211; V Trofeo Ciudad de Requena &#8211; VALENCIA\u00a0 \u2013 06 y 07 de Abril 2019 La Federaci\u00f3n de Orientaci\u00f3n de la Comunidad de Valencia &#8211; FEDOCV &#8211; , la SD Correcaminos y el Ayuntamiento de Requena al amparo de la Federaci\u00f3n Internacional de Orientaci\u00f3n &#8211; IOF &#8211; y la federaci\u00f3n Espa\u00f1ola de Orientaci\u00f3n [&hellip;]<\/p>\n","protected":false},"author":1,"featured_media":0,"comment_status":"closed","ping_status":"closed","sticky":false,"template":"","format":"standard","meta":{"footnotes":""},"categories":[1],"tags":[],"class_list":["post-2910","post","type-post","status-publish","format-standard","hentry","category-sin-categoria"],"_links":{"self":[{"href":"https:\/\/www.clubsurco.es\/index.php?rest_route=\/wp\/v2\/posts\/2910","targetHints":{"allow":["GET"]}}],"collection":[{"href":"https:\/\/www.clubsurco.es\/index.php?rest_route=\/wp\/v2\/posts"}],"about":[{"href":"https:\/\/www.clubsurco.es\/index.php?rest_route=\/wp\/v2\/types\/post"}],"author":[{"embeddable":true,"href":"https:\/\/www.clubsurco.es\/index.php?rest_route=\/wp\/v2\/users\/1"}],"replies":[{"embeddable":true,"href":"https:\/\/www.clubsurco.es\/index.php?rest_route=%2Fwp%2Fv2%2Fcomments&post=2910"}],"version-history":[{"count":1,"href":"https:\/\/www.clubsurco.es\/index.php?rest_route=\/wp\/v2\/posts\/2910\/revisions"}],"predecessor-version":[{"id":2912,"href":"https:\/\/www.clubsurco.es\/index.php?rest_route=\/wp\/v2\/posts\/2910\/revisions\/2912"}],"wp:attachment":[{"href":"https:\/\/www.clubsurco.es\/index.php?rest_route=%2Fwp%2Fv2%2Fmedia&parent=2910"}],"wp:term":[{"taxonomy":"category","embeddable":true,"href":"https:\/\/www.clubsurco.es\/index.php?rest_route=%2Fwp%2Fv2%2Fcategories&post=2910"},{"taxonomy":"post_tag","embeddable":true,"href":"https:\/\/www.clubsurco.es\/index.php?rest_route=%2Fwp%2Fv2%2Ftags&post=2910"}],"curies":[{"name":"wp","href":"https:\/\/api.w.org\/{rel}","templated":true}]}}