{"id":3342,"date":"2019-04-08T19:39:39","date_gmt":"2019-04-08T17:39:39","guid":{"rendered":"http:\/\/www.clubsurco.es\/?p=3342"},"modified":"2019-04-08T19:40:18","modified_gmt":"2019-04-08T17:40:18","slug":"juan-david-plata-en-la-3a-de-le-en-requena-valencia","status":"publish","type":"post","link":"https:\/\/www.clubsurco.es\/?p=3342","title":{"rendered":"JUAN DAVID, PLATA en la 3\u00aa de LE en Requena (Valencia)"},"content":{"rendered":"\n<p>Este\nfin de semana se ha celebrado en Requena ( Valencia ) la 3\u00aa prueba de Liga\nEspa\u00f1ola de Orientaci\u00f3n.<\/p>\n\n\n\n<p>Han\nparticipado 5 corredores de SURCO.<\/p>\n\n\n\n<p>Las\ncarreras Media y Larga se corrieron en Hortunas, y el Sprint en Requena.<\/p>\n\n\n\n<p><strong>Juan David\nP\u00e9rez-Caballero Fern\u00e1ndez<\/strong> consigui\u00f3 la <strong>PLATA<\/strong> del Trofeo con la suma de tiempos de las\ntres pruebas en la categor\u00eda&nbsp; M-65. <\/p>\n\n\n\n<p style=\"text-align:center\" class=\"has-text-color has-vivid-red-color\">&nbsp;&nbsp;&nbsp;&nbsp;&nbsp;&nbsp;&nbsp;&nbsp; <strong>\u00a1\u00a1\u00a1\u00a1&nbsp; E N H O R A B U E\nN A&nbsp; !!!<\/strong><\/p>\n\n\n\n<p>Con\nuna meteo revuelta, con vientos fuertes y fr\u00edos, las carreras media y larga resultaron\nbastante exigentes.<\/p>\n\n\n\n<p>La\nprogresi\u00f3n era dif\u00edcil por la exuberante vegetaci\u00f3n que dificultaba la marcha,\ny adem\u00e1s predominaban los fuertes desniveles. Esa misma vegetaci\u00f3n obligaba a\nser fino en la localizaci\u00f3n de las balizas.<\/p>\n\n\n\n<p>Adem\u00e1s,\nel r\u00edo Magro divid\u00eda el mapa en dos, y se hubo de cruzar varias veces en las\ndos carreras, a veces por puntos en los que los m\u00e1s competitivos, no dudaban en\nmeterse en el agua para ara\u00f1ar unos segundos.<\/p>\n\n\n\n<p>En\nel Sprint por las calles de Requena, a los vientos y fr\u00edo reinante se uni\u00f3 lo\nque empez\u00f3 siendo una fuerte lluvia, que pas\u00f3 a granizo, dificultando la\nvelocidad de los corredores.<\/p>\n\n\n\n<p>Fin\nde semana por tanto intenso, el vivido en esta tercera prueba de liga espa\u00f1ola.<\/p>\n\n\n\n<p style=\"text-align:center\" class=\"has-text-color has-vivid-red-color\"><strong><a href=\"https:\/\/www.clubsurco.es\/?page_id=1761\">&#8212;> M\u00e1s fotos<\/a><\/strong>\u00a0\u00a0\u00a0\u00a0\u00a0\u00a0 <\/p>\n\n\n\n<figure class=\"wp-block-image\"><img loading=\"lazy\" decoding=\"async\" width=\"1024\" height=\"678\" src=\"https:\/\/www.clubsurco.es\/wp-content\/uploads\/3519-2019-04-07-III-LEO-Requena-Trofeos-1024x678.jpg\" alt=\"\" class=\"wp-image-3341\" srcset=\"https:\/\/www.clubsurco.es\/wp-content\/uploads\/3519-2019-04-07-III-LEO-Requena-Trofeos-1024x678.jpg 1024w, https:\/\/www.clubsurco.es\/wp-content\/uploads\/3519-2019-04-07-III-LEO-Requena-Trofeos-300x199.jpg 300w, https:\/\/www.clubsurco.es\/wp-content\/uploads\/3519-2019-04-07-III-LEO-Requena-Trofeos-768x509.jpg 768w, https:\/\/www.clubsurco.es\/wp-content\/uploads\/3519-2019-04-07-III-LEO-Requena-Trofeos-619x410.jpg 619w, https:\/\/www.clubsurco.es\/wp-content\/uploads\/3519-2019-04-07-III-LEO-Requena-Trofeos.jpg 1232w\" sizes=\"auto, (max-width: 1024px) 100vw, 1024px\" \/><\/figure>\n\n\n\n<figure class=\"wp-block-image\"><img loading=\"lazy\" decoding=\"async\" width=\"1024\" height=\"573\" src=\"https:\/\/www.clubsurco.es\/wp-content\/uploads\/3385-2019-04-07-III-LEO-Requena-Larga-1024x573.jpg\" alt=\"\" class=\"wp-image-3340\" srcset=\"https:\/\/www.clubsurco.es\/wp-content\/uploads\/3385-2019-04-07-III-LEO-Requena-Larga-1024x573.jpg 1024w, https:\/\/www.clubsurco.es\/wp-content\/uploads\/3385-2019-04-07-III-LEO-Requena-Larga-300x168.jpg 300w, https:\/\/www.clubsurco.es\/wp-content\/uploads\/3385-2019-04-07-III-LEO-Requena-Larga-768x430.jpg 768w, https:\/\/www.clubsurco.es\/wp-content\/uploads\/3385-2019-04-07-III-LEO-Requena-Larga-619x347.jpg 619w, https:\/\/www.clubsurco.es\/wp-content\/uploads\/3385-2019-04-07-III-LEO-Requena-Larga.jpg 1895w\" sizes=\"auto, (max-width: 1024px) 100vw, 1024px\" \/><\/figure>\n\n\n\n<figure class=\"wp-block-image\"><img loading=\"lazy\" decoding=\"async\" width=\"678\" height=\"1024\" src=\"https:\/\/www.clubsurco.es\/wp-content\/uploads\/3262-2019-04-07-III-LEO-Requena-Larga-678x1024.jpg\" alt=\"\" class=\"wp-image-3339\" srcset=\"https:\/\/www.clubsurco.es\/wp-content\/uploads\/3262-2019-04-07-III-LEO-Requena-Larga-678x1024.jpg 678w, https:\/\/www.clubsurco.es\/wp-content\/uploads\/3262-2019-04-07-III-LEO-Requena-Larga-199x300.jpg 199w, https:\/\/www.clubsurco.es\/wp-content\/uploads\/3262-2019-04-07-III-LEO-Requena-Larga-768x1160.jpg 768w, https:\/\/www.clubsurco.es\/wp-content\/uploads\/3262-2019-04-07-III-LEO-Requena-Larga-619x935.jpg 619w, https:\/\/www.clubsurco.es\/wp-content\/uploads\/3262-2019-04-07-III-LEO-Requena-Larga.jpg 816w\" sizes=\"auto, (max-width: 678px) 100vw, 678px\" \/><\/figure>\n\n\n\n<figure class=\"wp-block-image\"><img loading=\"lazy\" decoding=\"async\" width=\"678\" height=\"1024\" src=\"https:\/\/www.clubsurco.es\/wp-content\/uploads\/3184-2019-04-07-III-LEO-Requena-Larga-678x1024.jpg\" alt=\"\" class=\"wp-image-3338\" srcset=\"https:\/\/www.clubsurco.es\/wp-content\/uploads\/3184-2019-04-07-III-LEO-Requena-Larga-678x1024.jpg 678w, https:\/\/www.clubsurco.es\/wp-content\/uploads\/3184-2019-04-07-III-LEO-Requena-Larga-199x300.jpg 199w, https:\/\/www.clubsurco.es\/wp-content\/uploads\/3184-2019-04-07-III-LEO-Requena-Larga-768x1160.jpg 768w, https:\/\/www.clubsurco.es\/wp-content\/uploads\/3184-2019-04-07-III-LEO-Requena-Larga-619x935.jpg 619w, https:\/\/www.clubsurco.es\/wp-content\/uploads\/3184-2019-04-07-III-LEO-Requena-Larga.jpg 816w\" sizes=\"auto, (max-width: 678px) 100vw, 678px\" \/><\/figure>\n\n\n\n<figure class=\"wp-block-image\"><img loading=\"lazy\" decoding=\"async\" width=\"678\" height=\"1024\" src=\"https:\/\/www.clubsurco.es\/wp-content\/uploads\/2571-2019-04-07-III-LEO-Requena-Larga-678x1024.jpg\" alt=\"\" class=\"wp-image-3337\" srcset=\"https:\/\/www.clubsurco.es\/wp-content\/uploads\/2571-2019-04-07-III-LEO-Requena-Larga-678x1024.jpg 678w, https:\/\/www.clubsurco.es\/wp-content\/uploads\/2571-2019-04-07-III-LEO-Requena-Larga-199x300.jpg 199w, https:\/\/www.clubsurco.es\/wp-content\/uploads\/2571-2019-04-07-III-LEO-Requena-Larga-768x1160.jpg 768w, https:\/\/www.clubsurco.es\/wp-content\/uploads\/2571-2019-04-07-III-LEO-Requena-Larga-619x935.jpg 619w, https:\/\/www.clubsurco.es\/wp-content\/uploads\/2571-2019-04-07-III-LEO-Requena-Larga.jpg 816w\" sizes=\"auto, (max-width: 678px) 100vw, 678px\" \/><\/figure>\n\n\n\n<figure class=\"wp-block-image\"><img loading=\"lazy\" decoding=\"async\" width=\"1024\" height=\"683\" src=\"https:\/\/www.clubsurco.es\/wp-content\/uploads\/2019-04-6-III-LEO-Requena-Sprint-ft-Ana-Adela-1024x683.jpg\" alt=\"\" class=\"wp-image-3336\" srcset=\"https:\/\/www.clubsurco.es\/wp-content\/uploads\/2019-04-6-III-LEO-Requena-Sprint-ft-Ana-Adela-1024x683.jpg 1024w, https:\/\/www.clubsurco.es\/wp-content\/uploads\/2019-04-6-III-LEO-Requena-Sprint-ft-Ana-Adela-300x200.jpg 300w, https:\/\/www.clubsurco.es\/wp-content\/uploads\/2019-04-6-III-LEO-Requena-Sprint-ft-Ana-Adela-768x512.jpg 768w, https:\/\/www.clubsurco.es\/wp-content\/uploads\/2019-04-6-III-LEO-Requena-Sprint-ft-Ana-Adela-619x413.jpg 619w, https:\/\/www.clubsurco.es\/wp-content\/uploads\/2019-04-6-III-LEO-Requena-Sprint-ft-Ana-Adela.jpg 1200w\" sizes=\"auto, (max-width: 1024px) 100vw, 1024px\" \/><\/figure>\n\n\n\n<figure class=\"wp-block-image\"><img loading=\"lazy\" decoding=\"async\" width=\"678\" height=\"1024\" src=\"https:\/\/www.clubsurco.es\/wp-content\/uploads\/0871-2019-04-06-III-LEO-Requena-Media-678x1024.jpg\" alt=\"\" class=\"wp-image-3335\" srcset=\"https:\/\/www.clubsurco.es\/wp-content\/uploads\/0871-2019-04-06-III-LEO-Requena-Media-678x1024.jpg 678w, https:\/\/www.clubsurco.es\/wp-content\/uploads\/0871-2019-04-06-III-LEO-Requena-Media-199x300.jpg 199w, https:\/\/www.clubsurco.es\/wp-content\/uploads\/0871-2019-04-06-III-LEO-Requena-Media-768x1160.jpg 768w, https:\/\/www.clubsurco.es\/wp-content\/uploads\/0871-2019-04-06-III-LEO-Requena-Media-619x935.jpg 619w, https:\/\/www.clubsurco.es\/wp-content\/uploads\/0871-2019-04-06-III-LEO-Requena-Media.jpg 816w\" sizes=\"auto, (max-width: 678px) 100vw, 678px\" \/><\/figure>\n","protected":false},"excerpt":{"rendered":"<p>Este fin de semana se ha celebrado en Requena ( Valencia ) la 3\u00aa prueba de Liga Espa\u00f1ola de Orientaci\u00f3n. Han participado 5 corredores de SURCO. Las carreras Media y Larga se corrieron en Hortunas, y el Sprint en Requena. Juan David P\u00e9rez-Caballero Fern\u00e1ndez consigui\u00f3 la PLATA del Trofeo con la suma de tiempos de [&hellip;]<\/p>\n","protected":false},"author":1,"featured_media":0,"comment_status":"closed","ping_status":"closed","sticky":false,"template":"","format":"standard","meta":{"footnotes":""},"categories":[1],"tags":[],"class_list":["post-3342","post","type-post","status-publish","format-standard","hentry","category-sin-categoria"],"_links":{"self":[{"href":"https:\/\/www.clubsurco.es\/index.php?rest_route=\/wp\/v2\/posts\/3342","targetHints":{"allow":["GET"]}}],"collection":[{"href":"https:\/\/www.clubsurco.es\/index.php?rest_route=\/wp\/v2\/posts"}],"about":[{"href":"https:\/\/www.clubsurco.es\/index.php?rest_route=\/wp\/v2\/types\/post"}],"author":[{"embeddable":true,"href":"https:\/\/www.clubsurco.es\/index.php?rest_route=\/wp\/v2\/users\/1"}],"replies":[{"embeddable":true,"href":"https:\/\/www.clubsurco.es\/index.php?rest_route=%2Fwp%2Fv2%2Fcomments&post=3342"}],"version-history":[{"count":2,"href":"https:\/\/www.clubsurco.es\/index.php?rest_route=\/wp\/v2\/posts\/3342\/revisions"}],"predecessor-version":[{"id":3344,"href":"https:\/\/www.clubsurco.es\/index.php?rest_route=\/wp\/v2\/posts\/3342\/revisions\/3344"}],"wp:attachment":[{"href":"https:\/\/www.clubsurco.es\/index.php?rest_route=%2Fwp%2Fv2%2Fmedia&parent=3342"}],"wp:term":[{"taxonomy":"category","embeddable":true,"href":"https:\/\/www.clubsurco.es\/index.php?rest_route=%2Fwp%2Fv2%2Fcategories&post=3342"},{"taxonomy":"post_tag","embeddable":true,"href":"https:\/\/www.clubsurco.es\/index.php?rest_route=%2Fwp%2Fv2%2Ftags&post=3342"}],"curies":[{"name":"wp","href":"https:\/\/api.w.org\/{rel}","templated":true}]}}