{"id":3999,"date":"2019-08-27T20:27:47","date_gmt":"2019-08-27T18:27:47","guid":{"rendered":"http:\/\/www.clubsurco.es\/?p=3999"},"modified":"2019-08-28T19:41:31","modified_gmt":"2019-08-28T17:41:31","slug":"diez-podios-para-surco-en-el-xv-trofeo-acacyr-magina","status":"publish","type":"post","link":"https:\/\/www.clubsurco.es\/?p=3999","title":{"rendered":"DIEZ podios para SURCO en el XV Trofeo ACACYR-M\u00c1GINA"},"content":{"rendered":"\n<p>Siete corredores de SURCO han participado en la 4\u00aa prueba de Liga Andaluza y <strong>XV Trofeo ACACYR-M\u00c1GINA<\/strong> celebrado en Mancha Real y Cabra de Santo Cristo los d\u00edas 24 y 25 de Agosto . <\/p>\n\n\n\n<p>Cita\ncl\u00e1sica de Agosto, una vez m\u00e1s, la organizaci\u00f3n de este Trofeo ha puesto todo\nsu empe\u00f1o en dar a los orientadores una ocasi\u00f3n para disfrutar del deporte de\nla Orientaci\u00f3n.<\/p>\n\n\n\n<p>Como\ntodos los a\u00f1os, el evento ha tenido su parte deportiva y su parte l\u00fadica.<\/p>\n\n\n\n<p>Deportivamente\nhablando, han sido dos las pruebas disputadas.<\/p>\n\n\n\n<p>Una carrera de Media Distancia en el mapa<strong> \u00abPe\u00f1a del \u00c1guila\u00bb en Mancha Real<\/strong> y un Sprint-Media Distancia en el mapa <strong>\u00abEl Partidor\u00bb en Cabra de Sto Cristo.<\/strong><\/p>\n\n\n\n<p>Completamente\ndiferentes, el primero era un bosque lleno de piedras en una ladera con muchas\nmanchas de vegetaci\u00f3n dispersa y desnivel moderado. Con dificultad t\u00e9cnica\nmedia, la profusi\u00f3n de piedras y una vegetaci\u00f3n a veces intensa, la posibilidad\nde avanzar con velocidad quedaba muy limitada. Varios bucles obligaban adem\u00e1s a\nextremar la atenci\u00f3n para no cometer errores.<\/p>\n\n\n\n<p>El\nsegundo mapa, ten\u00eda su salida en la plaza de Cabra, y r\u00e1pidamente abandonaba la\npoblaci\u00f3n para adentrarse en un extenso olivar. Pero un olivar muy lleno de\ndetalles. Caminos, bancales de varias alturas, balates, acequias, pozos,\ncercados y balsas, eran muy buenas referencias para apoyarse entre los miles de\nolivos.<\/p>\n\n\n\n<p>Finalmente,\nse entraba otra vez en Cabra con algunas balizas hasta la META, en la plaza,\ntras una intensa cuesta arriba.<\/p>\n\n\n\n<p>Y l\u00fadicamente hablando, una vez m\u00e1s pudimos disfrutar de: un entreno urbano, una visita guiada por lo m\u00e1s emblem\u00e1tico de la localidad de Cabra, una carrera nocturna l\u00fadico-deportiva con baliza sorpresa, la fiesta de la Orientaci\u00f3n en el Pub Laura, la piscina gratis ofrecida por el Ayuntamiento los dos d\u00edas, y como broche final, la degustaci\u00f3n de los extraordinarios Andrajos de Casa Herminia.<\/p>\n\n\n\n<p>No se puede pedir m\u00e1s. <strong>Es de agradecer<\/strong> este mimo con el que cada a\u00f1o <strong>Cabra de Sto Cristo<\/strong> recibe a la familia orientadora. Y el equipo de organizaci\u00f3n&#8230;. de 10. <strong>Gracias por vuestro trabajo.<\/strong><\/p>\n\n\n\n<p class=\"has-text-color has-vivid-red-color\"><strong>RESULTADOS<\/strong><\/p>\n\n\n\n<p>El\nequipo SURCO ha conseguido muy buenos resultados en esta ocasi\u00f3n. Ha sido un\nfin de semana que hemos disfrutado intensamente. <\/p>\n\n\n\n<p class=\"has-text-color has-vivid-cyan-blue-color\"><strong>Media distancia &#8211; I Trofeo Orientaci\u00f3n Mancha Real<\/strong><\/p>\n\n\n\n<p>ORO &#8211; <strong>Lorena Fern\u00e1ndez Mart\u00edn<\/strong> en F-Senior A<\/p>\n\n\n\n<p>ORO &#8211; <strong>Juan David P\u00e9rez-Caballero Fern\u00e1ndez<\/strong> en M-Veteranos 65<\/p>\n\n\n\n<p>PLATA &#8211; <strong>Silvia S\u00e1nchez Plaza<\/strong> en F-Senior B<\/p>\n\n\n\n<p>BRONCE &#8211; <strong>Jos\u00e9 Luis Mart\u00ednez Ram\u00edrez<\/strong> en M-Senior B <\/p>\n\n\n\n<p>BRONCE &#8211; <strong>Javier Gonz\u00e1lez Dom\u00ednguez<\/strong> en M-Senior A<\/p>\n\n\n\n<p class=\"has-text-color has-vivid-cyan-blue-color\"><strong>Sprint en Cabra del Santo Cristo<\/strong><\/p>\n\n\n\n<p>ORO &#8211; <strong>Lorena Fern\u00e1ndez Mart\u00edn<\/strong> en F-Senior A<\/p>\n\n\n\n<p>PLATA &#8211; <strong>Silvia S\u00e1nchez Plaza<\/strong> en F-Senior B<\/p>\n\n\n\n<p>PLATA &#8211; <strong>Juan David P\u00e9rez-Caballero Fern\u00e1ndez<\/strong> en M-Veteranos 65<\/p>\n\n\n\n<p>BRONCE &#8211; <strong>Jos\u00e9 Luis Mart\u00ednez Ram\u00edrez<\/strong> en M-Senior B<\/p>\n\n\n\n<p class=\"has-text-color has-vivid-cyan-blue-color\"><strong>XV Trofeo ACACYR-M\u00c1GINA ( Media + Sprint )<\/strong><\/p>\n\n\n\n<p>ORO &#8211; <strong>Lorena Fern\u00e1ndez Mart\u00edn<\/strong> en F-Senior A<\/p>\n\n\n\n<p>ORO &#8211; <strong>Juan David P\u00e9rez-Caballero Fern\u00e1ndez<\/strong> en M-Veteranos 65<\/p>\n\n\n\n<p>PLATA &#8211; <strong>Silvia S\u00e1nchez Plaza<\/strong> en F-Senior B<\/p>\n\n\n\n<p>BRONCE &#8211; <strong>Jos\u00e9 Luis Mart\u00ednez Ram\u00edrez<\/strong> en M-Senior B<\/p>\n\n\n\n<p>BRONCE &#8211; <strong>Juan Antonio Mart\u00ednez Garc\u00eda<\/strong> &nbsp;en M-Senior A <\/p>\n\n\n\n<p style=\"text-align:center\" class=\"has-text-color has-vivid-red-color\"><strong>\u00a1\u00a1\u00a1\u00a1&nbsp; E N H O R\nA B U E N A&nbsp; !!!<\/strong><\/p>\n\n\n\n<div class=\"wp-block-image\"><figure class=\"aligncenter is-resized\"><a href=\"https:\/\/www.clubsurco.es\/?page_id=1761\"><img loading=\"lazy\" decoding=\"async\" src=\"https:\/\/www.clubsurco.es\/wp-content\/uploads\/M\u00e1s-Fotos-1fijo.png\" alt=\"\" class=\"wp-image-3858\" width=\"111\" height=\"96\" srcset=\"https:\/\/www.clubsurco.es\/wp-content\/uploads\/M\u00e1s-Fotos-1fijo.png 577w, https:\/\/www.clubsurco.es\/wp-content\/uploads\/M\u00e1s-Fotos-1fijo-300x260.png 300w\" sizes=\"auto, (max-width: 111px) 100vw, 111px\" \/><\/a><\/figure><\/div>\n\n\n\n<div class=\"wp-block-image\"><figure class=\"aligncenter\"><img loading=\"lazy\" decoding=\"async\" width=\"1024\" height=\"678\" src=\"https:\/\/www.clubsurco.es\/wp-content\/uploads\/0774-2019-08-24-4-LA-Media-Mancha-Real-1024x678.jpg\" alt=\"\" class=\"wp-image-3996\" srcset=\"https:\/\/www.clubsurco.es\/wp-content\/uploads\/0774-2019-08-24-4-LA-Media-Mancha-Real-1024x678.jpg 1024w, https:\/\/www.clubsurco.es\/wp-content\/uploads\/0774-2019-08-24-4-LA-Media-Mancha-Real-300x199.jpg 300w, https:\/\/www.clubsurco.es\/wp-content\/uploads\/0774-2019-08-24-4-LA-Media-Mancha-Real-768x509.jpg 768w, https:\/\/www.clubsurco.es\/wp-content\/uploads\/0774-2019-08-24-4-LA-Media-Mancha-Real-619x410.jpg 619w, https:\/\/www.clubsurco.es\/wp-content\/uploads\/0774-2019-08-24-4-LA-Media-Mancha-Real.jpg 1232w\" sizes=\"auto, (max-width: 1024px) 100vw, 1024px\" \/><\/figure><\/div>\n\n\n\n<div class=\"wp-block-image\"><figure class=\"aligncenter\"><img loading=\"lazy\" decoding=\"async\" width=\"1024\" height=\"678\" src=\"https:\/\/www.clubsurco.es\/wp-content\/uploads\/1143-2019-08-24-Popular-festiva-Cabra-Sto-Cristo-1024x678.jpg\" alt=\"\" class=\"wp-image-3997\" srcset=\"https:\/\/www.clubsurco.es\/wp-content\/uploads\/1143-2019-08-24-Popular-festiva-Cabra-Sto-Cristo-1024x678.jpg 1024w, https:\/\/www.clubsurco.es\/wp-content\/uploads\/1143-2019-08-24-Popular-festiva-Cabra-Sto-Cristo-300x199.jpg 300w, https:\/\/www.clubsurco.es\/wp-content\/uploads\/1143-2019-08-24-Popular-festiva-Cabra-Sto-Cristo-768x509.jpg 768w, https:\/\/www.clubsurco.es\/wp-content\/uploads\/1143-2019-08-24-Popular-festiva-Cabra-Sto-Cristo-619x410.jpg 619w, https:\/\/www.clubsurco.es\/wp-content\/uploads\/1143-2019-08-24-Popular-festiva-Cabra-Sto-Cristo.jpg 1232w\" sizes=\"auto, (max-width: 1024px) 100vw, 1024px\" \/><\/figure><\/div>\n\n\n\n<div class=\"wp-block-image\"><figure class=\"aligncenter\"><img loading=\"lazy\" decoding=\"async\" width=\"1024\" height=\"678\" src=\"https:\/\/www.clubsurco.es\/wp-content\/uploads\/1878-2019-08-25-4-LA-XV-Acacyr-M\u00e1gina-Cabra-Sto-Cristo-Trofeos-1024x678.jpg\" alt=\"\" class=\"wp-image-3998\" srcset=\"https:\/\/www.clubsurco.es\/wp-content\/uploads\/1878-2019-08-25-4-LA-XV-Acacyr-M\u00e1gina-Cabra-Sto-Cristo-Trofeos-1024x678.jpg 1024w, https:\/\/www.clubsurco.es\/wp-content\/uploads\/1878-2019-08-25-4-LA-XV-Acacyr-M\u00e1gina-Cabra-Sto-Cristo-Trofeos-300x199.jpg 300w, https:\/\/www.clubsurco.es\/wp-content\/uploads\/1878-2019-08-25-4-LA-XV-Acacyr-M\u00e1gina-Cabra-Sto-Cristo-Trofeos-768x509.jpg 768w, https:\/\/www.clubsurco.es\/wp-content\/uploads\/1878-2019-08-25-4-LA-XV-Acacyr-M\u00e1gina-Cabra-Sto-Cristo-Trofeos-619x410.jpg 619w, https:\/\/www.clubsurco.es\/wp-content\/uploads\/1878-2019-08-25-4-LA-XV-Acacyr-M\u00e1gina-Cabra-Sto-Cristo-Trofeos.jpg 1232w\" sizes=\"auto, (max-width: 1024px) 100vw, 1024px\" \/><\/figure><\/div>\n","protected":false},"excerpt":{"rendered":"<p>Siete corredores de SURCO han participado en la 4\u00aa prueba de Liga Andaluza y XV Trofeo ACACYR-M\u00c1GINA celebrado en Mancha Real y Cabra de Santo Cristo los d\u00edas 24 y 25 de Agosto . Cita cl\u00e1sica de Agosto, una vez m\u00e1s, la organizaci\u00f3n de este Trofeo ha puesto todo su empe\u00f1o en dar a los [&hellip;]<\/p>\n","protected":false},"author":1,"featured_media":0,"comment_status":"closed","ping_status":"closed","sticky":false,"template":"","format":"standard","meta":{"footnotes":""},"categories":[1],"tags":[],"class_list":["post-3999","post","type-post","status-publish","format-standard","hentry","category-sin-categoria"],"_links":{"self":[{"href":"https:\/\/www.clubsurco.es\/index.php?rest_route=\/wp\/v2\/posts\/3999","targetHints":{"allow":["GET"]}}],"collection":[{"href":"https:\/\/www.clubsurco.es\/index.php?rest_route=\/wp\/v2\/posts"}],"about":[{"href":"https:\/\/www.clubsurco.es\/index.php?rest_route=\/wp\/v2\/types\/post"}],"author":[{"embeddable":true,"href":"https:\/\/www.clubsurco.es\/index.php?rest_route=\/wp\/v2\/users\/1"}],"replies":[{"embeddable":true,"href":"https:\/\/www.clubsurco.es\/index.php?rest_route=%2Fwp%2Fv2%2Fcomments&post=3999"}],"version-history":[{"count":5,"href":"https:\/\/www.clubsurco.es\/index.php?rest_route=\/wp\/v2\/posts\/3999\/revisions"}],"predecessor-version":[{"id":4005,"href":"https:\/\/www.clubsurco.es\/index.php?rest_route=\/wp\/v2\/posts\/3999\/revisions\/4005"}],"wp:attachment":[{"href":"https:\/\/www.clubsurco.es\/index.php?rest_route=%2Fwp%2Fv2%2Fmedia&parent=3999"}],"wp:term":[{"taxonomy":"category","embeddable":true,"href":"https:\/\/www.clubsurco.es\/index.php?rest_route=%2Fwp%2Fv2%2Fcategories&post=3999"},{"taxonomy":"post_tag","embeddable":true,"href":"https:\/\/www.clubsurco.es\/index.php?rest_route=%2Fwp%2Fv2%2Ftags&post=3999"}],"curies":[{"name":"wp","href":"https:\/\/api.w.org\/{rel}","templated":true}]}}