{"id":4970,"date":"2020-02-18T08:56:36","date_gmt":"2020-02-18T07:56:36","guid":{"rendered":"http:\/\/www.clubsurco.es\/?p=4970"},"modified":"2020-02-18T08:58:08","modified_gmt":"2020-02-18T07:58:08","slug":"juan-david-campeon-en-el-iberico-masculino-2020","status":"publish","type":"post","link":"https:\/\/www.clubsurco.es\/?p=4970","title":{"rendered":"JUAN DAVID, Campe\u00f3n en el IB\u00c9RICO MASCULINO 2020"},"content":{"rendered":"<p>El pasado fin de semana se celebr\u00f3 en \u00c1vila la segunda prueba de Liga Espa\u00f1ola, M\u00e1ximus O Meeting (MOM), y Campeonato Ib\u00e9rico Masculino. El Campeonato Ib\u00e9rico es una competici\u00f3n entre Espa\u00f1a y Portugal. En esta ocasi\u00f3n fue el Masculino, y en Octubre se celebrar\u00e1 el Femenino en Portugal.<\/p>\n<p>Dos corredores de SURCO participaron en las competiciones.<\/p>\n<p>Nuestro corredor, <span style=\"color: #ff0000;\"><strong>Juan David P\u00e9rez-Caballero Fern\u00e1ndez<\/strong><\/span> consigui\u00f3 alzarse con el <span style=\"color: #ff0000;\"><strong>ORO<\/strong><\/span> del Campeonato Ib\u00e9rico en su categor\u00eda <span style=\"color: #ff0000;\"><strong>M-70<\/strong><\/span>, y tambi\u00e9n consigui\u00f3 la <span style=\"color: #ff0000;\"><strong>PLATA<\/strong><\/span> en el Trofeo MOM con la suma de puntos de las tres carreras que se celebraron.<\/p>\n<p style=\"text-align: center;\">\u00a0\u00a0\u00a0\u00a0\u00a0\u00a0\u00a0\u00a0 <span style=\"color: #ff0000;\"><strong>\u00a1\u00a1\u00a1\u00a1\u00a0 E N H O R A B U E N A\u00a0 !!!<\/strong><\/span><\/p>\n<p>Se corrieron tres carreras, todas ellas en el municipio de Navaluenga .<\/p>\n<p>La MEDIA, el s\u00e1bado por la ma\u00f1ana, en el mapa VALLE IRUELAS, muy t\u00e9cnica y con desnivel.<\/p>\n<p>El SPRINT, el s\u00e1bado por la tarde, t\u00edpica carrera urbana por las calles de la localidad. Como siempre en los Sprints, vertiginosa.<\/p>\n<p>Y la LARGA, el domingo por la ma\u00f1ana, en el mapa MATACIMERA, muy t\u00e9cnica tambi\u00e9n y con desnivel.<\/p>\n<p>En los terrenos de la MEDIA y la LARGA, predominaban las grandes, a veces enormes piedras, que con la obligada simplificaci\u00f3n para no tener un mapa negro, complicaban enormemente la velocidad de carrera, y obligaba a ir con mucho cuidado y leyendo mapa en todo momento.<\/p>\n<p>Fueron unas carreras en unos terrenos espectaculares, y muy interesantes para la pr\u00e1ctica de la Orientaci\u00f3n.<\/p>\n<p><strong><a href=\"https:\/\/www.clubsurco.es\/?page_id=1761\"><img loading=\"lazy\" decoding=\"async\" class=\"aligncenter  wp-image-3858\" src=\"https:\/\/www.clubsurco.es\/wp-content\/uploads\/M\u00e1s-Fotos-1fijo-300x260.png\" alt=\"\" width=\"112\" height=\"98\" srcset=\"https:\/\/www.clubsurco.es\/wp-content\/uploads\/M\u00e1s-Fotos-1fijo-300x260.png 300w, https:\/\/www.clubsurco.es\/wp-content\/uploads\/M\u00e1s-Fotos-1fijo.png 577w\" sizes=\"auto, (max-width: 112px) 100vw, 112px\" \/><img loading=\"lazy\" decoding=\"async\" class=\"aligncenter size-medium wp-image-4968\" src=\"https:\/\/www.clubsurco.es\/wp-content\/uploads\/G537580-2020-02-16-II-LE-MOM-CIM-\u00c1vila-fts-varios-225x300.jpeg\" alt=\"\" width=\"225\" height=\"300\" srcset=\"https:\/\/www.clubsurco.es\/wp-content\/uploads\/G537580-2020-02-16-II-LE-MOM-CIM-\u00c1vila-fts-varios-225x300.jpeg 225w, https:\/\/www.clubsurco.es\/wp-content\/uploads\/G537580-2020-02-16-II-LE-MOM-CIM-\u00c1vila-fts-varios-768x1024.jpeg 768w, https:\/\/www.clubsurco.es\/wp-content\/uploads\/G537580-2020-02-16-II-LE-MOM-CIM-\u00c1vila-fts-varios-619x825.jpeg 619w, https:\/\/www.clubsurco.es\/wp-content\/uploads\/G537580-2020-02-16-II-LE-MOM-CIM-\u00c1vila-fts-varios.jpeg 1200w\" sizes=\"auto, (max-width: 225px) 100vw, 225px\" \/><img loading=\"lazy\" decoding=\"async\" class=\"aligncenter  wp-image-4969\" src=\"https:\/\/www.clubsurco.es\/wp-content\/uploads\/G537590-2020-02-16-II-LE-MOM-CIM-\u00c1vila-fts-Ana-Adela-300x200.jpg\" alt=\"\" width=\"596\" height=\"397\" srcset=\"https:\/\/www.clubsurco.es\/wp-content\/uploads\/G537590-2020-02-16-II-LE-MOM-CIM-\u00c1vila-fts-Ana-Adela-300x200.jpg 300w, https:\/\/www.clubsurco.es\/wp-content\/uploads\/G537590-2020-02-16-II-LE-MOM-CIM-\u00c1vila-fts-Ana-Adela-768x512.jpg 768w, https:\/\/www.clubsurco.es\/wp-content\/uploads\/G537590-2020-02-16-II-LE-MOM-CIM-\u00c1vila-fts-Ana-Adela-1024x683.jpg 1024w, https:\/\/www.clubsurco.es\/wp-content\/uploads\/G537590-2020-02-16-II-LE-MOM-CIM-\u00c1vila-fts-Ana-Adela-619x413.jpg 619w, https:\/\/www.clubsurco.es\/wp-content\/uploads\/G537590-2020-02-16-II-LE-MOM-CIM-\u00c1vila-fts-Ana-Adela.jpg 1600w\" sizes=\"auto, (max-width: 596px) 100vw, 596px\" \/><img loading=\"lazy\" decoding=\"async\" class=\"aligncenter  wp-image-4967\" src=\"https:\/\/www.clubsurco.es\/wp-content\/uploads\/05034-2020-02-15-II-LE-MOM-CIM-\u00c1vila-Sprint-199x300.jpg\" alt=\"\" width=\"369\" height=\"556\" srcset=\"https:\/\/www.clubsurco.es\/wp-content\/uploads\/05034-2020-02-15-II-LE-MOM-CIM-\u00c1vila-Sprint-199x300.jpg 199w, https:\/\/www.clubsurco.es\/wp-content\/uploads\/05034-2020-02-15-II-LE-MOM-CIM-\u00c1vila-Sprint-768x1160.jpg 768w, https:\/\/www.clubsurco.es\/wp-content\/uploads\/05034-2020-02-15-II-LE-MOM-CIM-\u00c1vila-Sprint-678x1024.jpg 678w, https:\/\/www.clubsurco.es\/wp-content\/uploads\/05034-2020-02-15-II-LE-MOM-CIM-\u00c1vila-Sprint-619x935.jpg 619w, https:\/\/www.clubsurco.es\/wp-content\/uploads\/05034-2020-02-15-II-LE-MOM-CIM-\u00c1vila-Sprint.jpg 816w\" sizes=\"auto, (max-width: 369px) 100vw, 369px\" \/><img loading=\"lazy\" decoding=\"async\" class=\"aligncenter  wp-image-4966\" src=\"https:\/\/www.clubsurco.es\/wp-content\/uploads\/03058-2020-02-15-II-LE-MOM-CIM-\u00c1vila-Sprint-300x66.jpg\" alt=\"\" width=\"805\" height=\"177\" srcset=\"https:\/\/www.clubsurco.es\/wp-content\/uploads\/03058-2020-02-15-II-LE-MOM-CIM-\u00c1vila-Sprint-300x66.jpg 300w, https:\/\/www.clubsurco.es\/wp-content\/uploads\/03058-2020-02-15-II-LE-MOM-CIM-\u00c1vila-Sprint-768x168.jpg 768w, https:\/\/www.clubsurco.es\/wp-content\/uploads\/03058-2020-02-15-II-LE-MOM-CIM-\u00c1vila-Sprint-1024x225.jpg 1024w, https:\/\/www.clubsurco.es\/wp-content\/uploads\/03058-2020-02-15-II-LE-MOM-CIM-\u00c1vila-Sprint-619x136.jpg 619w\" sizes=\"auto, (max-width: 805px) 100vw, 805px\" \/><img loading=\"lazy\" decoding=\"async\" class=\"aligncenter  wp-image-4965\" src=\"https:\/\/www.clubsurco.es\/wp-content\/uploads\/01656-2020-02-15-II-LE-MOM-CIM-\u00c1vila-Media-300x70.jpg\" alt=\"\" width=\"662\" height=\"154\" srcset=\"https:\/\/www.clubsurco.es\/wp-content\/uploads\/01656-2020-02-15-II-LE-MOM-CIM-\u00c1vila-Media-300x70.jpg 300w, https:\/\/www.clubsurco.es\/wp-content\/uploads\/01656-2020-02-15-II-LE-MOM-CIM-\u00c1vila-Media-768x178.jpg 768w, https:\/\/www.clubsurco.es\/wp-content\/uploads\/01656-2020-02-15-II-LE-MOM-CIM-\u00c1vila-Media-1024x238.jpg 1024w, https:\/\/www.clubsurco.es\/wp-content\/uploads\/01656-2020-02-15-II-LE-MOM-CIM-\u00c1vila-Media-619x144.jpg 619w\" sizes=\"auto, (max-width: 662px) 100vw, 662px\" \/><\/a>\u00a0<\/strong><\/p>\n","protected":false},"excerpt":{"rendered":"<p>El pasado fin de semana se celebr\u00f3 en \u00c1vila la segunda prueba de Liga Espa\u00f1ola, M\u00e1ximus O Meeting (MOM), y Campeonato Ib\u00e9rico Masculino. El Campeonato Ib\u00e9rico es una competici\u00f3n entre Espa\u00f1a y Portugal. En esta ocasi\u00f3n fue el Masculino, y en Octubre se celebrar\u00e1 el Femenino en Portugal. Dos corredores de SURCO participaron en las [&hellip;]<\/p>\n","protected":false},"author":1,"featured_media":0,"comment_status":"closed","ping_status":"closed","sticky":false,"template":"","format":"standard","meta":{"footnotes":""},"categories":[1],"tags":[],"class_list":["post-4970","post","type-post","status-publish","format-standard","hentry","category-sin-categoria"],"_links":{"self":[{"href":"https:\/\/www.clubsurco.es\/index.php?rest_route=\/wp\/v2\/posts\/4970","targetHints":{"allow":["GET"]}}],"collection":[{"href":"https:\/\/www.clubsurco.es\/index.php?rest_route=\/wp\/v2\/posts"}],"about":[{"href":"https:\/\/www.clubsurco.es\/index.php?rest_route=\/wp\/v2\/types\/post"}],"author":[{"embeddable":true,"href":"https:\/\/www.clubsurco.es\/index.php?rest_route=\/wp\/v2\/users\/1"}],"replies":[{"embeddable":true,"href":"https:\/\/www.clubsurco.es\/index.php?rest_route=%2Fwp%2Fv2%2Fcomments&post=4970"}],"version-history":[{"count":3,"href":"https:\/\/www.clubsurco.es\/index.php?rest_route=\/wp\/v2\/posts\/4970\/revisions"}],"predecessor-version":[{"id":4973,"href":"https:\/\/www.clubsurco.es\/index.php?rest_route=\/wp\/v2\/posts\/4970\/revisions\/4973"}],"wp:attachment":[{"href":"https:\/\/www.clubsurco.es\/index.php?rest_route=%2Fwp%2Fv2%2Fmedia&parent=4970"}],"wp:term":[{"taxonomy":"category","embeddable":true,"href":"https:\/\/www.clubsurco.es\/index.php?rest_route=%2Fwp%2Fv2%2Fcategories&post=4970"},{"taxonomy":"post_tag","embeddable":true,"href":"https:\/\/www.clubsurco.es\/index.php?rest_route=%2Fwp%2Fv2%2Ftags&post=4970"}],"curies":[{"name":"wp","href":"https:\/\/api.w.org\/{rel}","templated":true}]}}