{"id":5854,"date":"2021-09-26T12:00:56","date_gmt":"2021-09-26T10:00:56","guid":{"rendered":"http:\/\/www.clubsurco.es\/?p=5854"},"modified":"2021-09-26T12:02:16","modified_gmt":"2021-09-26T10:02:16","slug":"bernabe-plata-en-sevilla","status":"publish","type":"post","link":"https:\/\/www.clubsurco.es\/?p=5854","title":{"rendered":"BERNAB\u00c9, PLATA en Sevilla"},"content":{"rendered":"<h2><span style=\"color: #ff0000;\"><strong>BERNAB\u00c9, PLATA en el Campeonato de Andaluc\u00eda de Media distancia<\/strong><\/span><\/h2>\n<p>El pasado 5 de Septiembre se celebr\u00f3 en la finca El Indiano, (Montellano), el Campeonato de Andaluc\u00eda de Media Distancia.<\/p>\n<p><span style=\"color: #ff0000;\"><strong>Bernab\u00e9 Hern\u00e1ndez Alonso<\/strong><\/span>, consigui\u00f3 la <span style=\"color: #ff0000;\"><strong>PLATA<\/strong><\/span> en su categor\u00eda <span style=\"color: #ff0000;\"><strong>M-45<\/strong><\/span>, proclam\u00e1ndose <span style=\"color: #ff0000;\"><strong>SUBCAMPE\u00d3N de ANDALUC\u00cdA<\/strong><\/span>.<\/p>\n<p style=\"text-align: center;\"><span style=\"color: #ff0000;\"><strong>\u00a1\u00a1\u00a1\u00a1\u00a0 E N H O R A B U E N A\u00a0 !!!<\/strong><\/span><\/p>\n<p><img loading=\"lazy\" decoding=\"async\" class=\"aligncenter  wp-image-5853\" src=\"https:\/\/www.clubsurco.es\/wp-content\/uploads\/2021-09-05-CA-Media-Sevilla-300x225.jpg\" alt=\"\" width=\"689\" height=\"517\" srcset=\"https:\/\/www.clubsurco.es\/wp-content\/uploads\/2021-09-05-CA-Media-Sevilla-300x225.jpg 300w, https:\/\/www.clubsurco.es\/wp-content\/uploads\/2021-09-05-CA-Media-Sevilla-768x576.jpg 768w, https:\/\/www.clubsurco.es\/wp-content\/uploads\/2021-09-05-CA-Media-Sevilla-619x464.jpg 619w, https:\/\/www.clubsurco.es\/wp-content\/uploads\/2021-09-05-CA-Media-Sevilla.jpg 1008w\" sizes=\"auto, (max-width: 689px) 100vw, 689px\" \/><\/p>\n","protected":false},"excerpt":{"rendered":"<p>BERNAB\u00c9, PLATA en el Campeonato de Andaluc\u00eda de Media distancia El pasado 5 de Septiembre se celebr\u00f3 en la finca El Indiano, (Montellano), el Campeonato de Andaluc\u00eda de Media Distancia. Bernab\u00e9 Hern\u00e1ndez Alonso, consigui\u00f3 la PLATA en su categor\u00eda M-45, proclam\u00e1ndose SUBCAMPE\u00d3N de ANDALUC\u00cdA. \u00a1\u00a1\u00a1\u00a1\u00a0 E N H O R A B U E N [&hellip;]<\/p>\n","protected":false},"author":1,"featured_media":0,"comment_status":"closed","ping_status":"closed","sticky":false,"template":"","format":"standard","meta":{"footnotes":""},"categories":[1],"tags":[],"class_list":["post-5854","post","type-post","status-publish","format-standard","hentry","category-sin-categoria"],"_links":{"self":[{"href":"https:\/\/www.clubsurco.es\/index.php?rest_route=\/wp\/v2\/posts\/5854","targetHints":{"allow":["GET"]}}],"collection":[{"href":"https:\/\/www.clubsurco.es\/index.php?rest_route=\/wp\/v2\/posts"}],"about":[{"href":"https:\/\/www.clubsurco.es\/index.php?rest_route=\/wp\/v2\/types\/post"}],"author":[{"embeddable":true,"href":"https:\/\/www.clubsurco.es\/index.php?rest_route=\/wp\/v2\/users\/1"}],"replies":[{"embeddable":true,"href":"https:\/\/www.clubsurco.es\/index.php?rest_route=%2Fwp%2Fv2%2Fcomments&post=5854"}],"version-history":[{"count":2,"href":"https:\/\/www.clubsurco.es\/index.php?rest_route=\/wp\/v2\/posts\/5854\/revisions"}],"predecessor-version":[{"id":5856,"href":"https:\/\/www.clubsurco.es\/index.php?rest_route=\/wp\/v2\/posts\/5854\/revisions\/5856"}],"wp:attachment":[{"href":"https:\/\/www.clubsurco.es\/index.php?rest_route=%2Fwp%2Fv2%2Fmedia&parent=5854"}],"wp:term":[{"taxonomy":"category","embeddable":true,"href":"https:\/\/www.clubsurco.es\/index.php?rest_route=%2Fwp%2Fv2%2Fcategories&post=5854"},{"taxonomy":"post_tag","embeddable":true,"href":"https:\/\/www.clubsurco.es\/index.php?rest_route=%2Fwp%2Fv2%2Ftags&post=5854"}],"curies":[{"name":"wp","href":"https:\/\/api.w.org\/{rel}","templated":true}]}}