{"id":7351,"date":"2023-10-06T22:52:08","date_gmt":"2023-10-06T20:52:08","guid":{"rendered":"http:\/\/www.clubsurco.es\/?p=7351"},"modified":"2023-10-06T22:52:09","modified_gmt":"2023-10-06T20:52:09","slug":"homenaje-a-encarna","status":"publish","type":"post","link":"https:\/\/www.clubsurco.es\/?p=7351","title":{"rendered":"Homenaje a Encarna"},"content":{"rendered":"<p>El pasado d\u00eda 24 de Septiembre y finalizada la carrera de la liga Veleta en Santa F\u00e9, tuvo lugar un emotivo acto en recuerdo de Encarna.<br \/>\nEl Club de Orientaci\u00f3n VELETA quiso as\u00ed rendir un merecido homenaje a esta gran orientadora.<br \/>\nTodos, la recordamos con cari\u00f1o.<br \/>\nParticipante habitual en competiciones de liga Andaluza y Nacional, era muy conocida y muy apreciada por la familia de la Orientaci\u00f3n.<br \/>\nYa no est\u00e1 con nostros. Ya no la veremos en las carreras&#8230;<br \/>\nSURCO quiere unirse al VELETA en este reconocimiento.<br \/>\nA partir de este a\u00f1o, la carrera de Santa F\u00e9 de la liga Veleta llevar\u00e1 su nombre, perpetuando as\u00ed su memoria.<br \/>\nEncarna, nos vemos en el bosque&#8230;..<\/p>\n<p><img loading=\"lazy\" decoding=\"async\" class=\"aligncenter  wp-image-7347\" src=\"https:\/\/www.clubsurco.es\/wp-content\/uploads\/2023-09-24-Homenaje-a-Encarna-2-300x225.jpeg\" alt=\"\" width=\"571\" height=\"428\" srcset=\"https:\/\/www.clubsurco.es\/wp-content\/uploads\/2023-09-24-Homenaje-a-Encarna-2-300x225.jpeg 300w, https:\/\/www.clubsurco.es\/wp-content\/uploads\/2023-09-24-Homenaje-a-Encarna-2-768x576.jpeg 768w, https:\/\/www.clubsurco.es\/wp-content\/uploads\/2023-09-24-Homenaje-a-Encarna-2-1024x768.jpeg 1024w, https:\/\/www.clubsurco.es\/wp-content\/uploads\/2023-09-24-Homenaje-a-Encarna-2-619x464.jpeg 619w, https:\/\/www.clubsurco.es\/wp-content\/uploads\/2023-09-24-Homenaje-a-Encarna-2.jpeg 1600w\" sizes=\"auto, (max-width: 571px) 100vw, 571px\" \/><\/p>\n<p><img loading=\"lazy\" decoding=\"async\" class=\"aligncenter  wp-image-7345\" src=\"https:\/\/www.clubsurco.es\/wp-content\/uploads\/0259-2017-03-05-2\u00aa-LA-C\u00c1DIZ-Media-Medina-Sidonia-199x300.jpg\" alt=\"\" width=\"320\" height=\"482\" srcset=\"https:\/\/www.clubsurco.es\/wp-content\/uploads\/0259-2017-03-05-2\u00aa-LA-C\u00c1DIZ-Media-Medina-Sidonia-199x300.jpg 199w, https:\/\/www.clubsurco.es\/wp-content\/uploads\/0259-2017-03-05-2\u00aa-LA-C\u00c1DIZ-Media-Medina-Sidonia-768x1160.jpg 768w, https:\/\/www.clubsurco.es\/wp-content\/uploads\/0259-2017-03-05-2\u00aa-LA-C\u00c1DIZ-Media-Medina-Sidonia-678x1024.jpg 678w, https:\/\/www.clubsurco.es\/wp-content\/uploads\/0259-2017-03-05-2\u00aa-LA-C\u00c1DIZ-Media-Medina-Sidonia-619x935.jpg 619w, https:\/\/www.clubsurco.es\/wp-content\/uploads\/0259-2017-03-05-2\u00aa-LA-C\u00c1DIZ-Media-Medina-Sidonia.jpg 816w\" sizes=\"auto, (max-width: 320px) 100vw, 320px\" \/><\/p>\n<p><img loading=\"lazy\" decoding=\"async\" class=\"aligncenter  wp-image-7349\" src=\"https:\/\/www.clubsurco.es\/wp-content\/uploads\/3864-2017-01-29-1-LA-Conil-Media-300x199.jpg\" alt=\"\" width=\"548\" height=\"364\" srcset=\"https:\/\/www.clubsurco.es\/wp-content\/uploads\/3864-2017-01-29-1-LA-Conil-Media-300x199.jpg 300w, https:\/\/www.clubsurco.es\/wp-content\/uploads\/3864-2017-01-29-1-LA-Conil-Media-768x509.jpg 768w, https:\/\/www.clubsurco.es\/wp-content\/uploads\/3864-2017-01-29-1-LA-Conil-Media-1024x678.jpg 1024w, https:\/\/www.clubsurco.es\/wp-content\/uploads\/3864-2017-01-29-1-LA-Conil-Media-619x410.jpg 619w, https:\/\/www.clubsurco.es\/wp-content\/uploads\/3864-2017-01-29-1-LA-Conil-Media.jpg 1232w\" sizes=\"auto, (max-width: 548px) 100vw, 548px\" \/><\/p>\n<p><img loading=\"lazy\" decoding=\"async\" class=\"aligncenter  wp-image-7350\" src=\"https:\/\/www.clubsurco.es\/wp-content\/uploads\/4234-2016-10-30-XI-LE-7-LA-Tf-NAZAR\u00cdES-GRANADA-Trofeos-300x199.jpg\" alt=\"\" width=\"545\" height=\"362\" srcset=\"https:\/\/www.clubsurco.es\/wp-content\/uploads\/4234-2016-10-30-XI-LE-7-LA-Tf-NAZAR\u00cdES-GRANADA-Trofeos-300x199.jpg 300w, https:\/\/www.clubsurco.es\/wp-content\/uploads\/4234-2016-10-30-XI-LE-7-LA-Tf-NAZAR\u00cdES-GRANADA-Trofeos-768x509.jpg 768w, https:\/\/www.clubsurco.es\/wp-content\/uploads\/4234-2016-10-30-XI-LE-7-LA-Tf-NAZAR\u00cdES-GRANADA-Trofeos-1024x678.jpg 1024w, https:\/\/www.clubsurco.es\/wp-content\/uploads\/4234-2016-10-30-XI-LE-7-LA-Tf-NAZAR\u00cdES-GRANADA-Trofeos-619x410.jpg 619w, https:\/\/www.clubsurco.es\/wp-content\/uploads\/4234-2016-10-30-XI-LE-7-LA-Tf-NAZAR\u00cdES-GRANADA-Trofeos.jpg 1232w\" sizes=\"auto, (max-width: 545px) 100vw, 545px\" \/><\/p>\n<p><img loading=\"lazy\" decoding=\"async\" class=\"aligncenter  wp-image-7348\" src=\"https:\/\/www.clubsurco.es\/wp-content\/uploads\/2283-2017-03-26-3\u00aa-LA-y-CADEBA-VILLACARRILLO-JA\u00c9N-Larga-y-Trofeos-300x199.jpg\" alt=\"\" width=\"546\" height=\"362\" srcset=\"https:\/\/www.clubsurco.es\/wp-content\/uploads\/2283-2017-03-26-3\u00aa-LA-y-CADEBA-VILLACARRILLO-JA\u00c9N-Larga-y-Trofeos-300x199.jpg 300w, https:\/\/www.clubsurco.es\/wp-content\/uploads\/2283-2017-03-26-3\u00aa-LA-y-CADEBA-VILLACARRILLO-JA\u00c9N-Larga-y-Trofeos-768x509.jpg 768w, https:\/\/www.clubsurco.es\/wp-content\/uploads\/2283-2017-03-26-3\u00aa-LA-y-CADEBA-VILLACARRILLO-JA\u00c9N-Larga-y-Trofeos-1024x678.jpg 1024w, https:\/\/www.clubsurco.es\/wp-content\/uploads\/2283-2017-03-26-3\u00aa-LA-y-CADEBA-VILLACARRILLO-JA\u00c9N-Larga-y-Trofeos-619x410.jpg 619w, https:\/\/www.clubsurco.es\/wp-content\/uploads\/2283-2017-03-26-3\u00aa-LA-y-CADEBA-VILLACARRILLO-JA\u00c9N-Larga-y-Trofeos.jpg 1232w\" sizes=\"auto, (max-width: 546px) 100vw, 546px\" \/><\/p>\n<p><img loading=\"lazy\" decoding=\"async\" class=\"aligncenter  wp-image-7346\" src=\"https:\/\/www.clubsurco.es\/wp-content\/uploads\/1421-2016-08-21-5-LA-XII-TROF-ACACYR-M\u00c1GINA-Media-Cabra-Sto-Cristo-300x199.jpg\" alt=\"\" width=\"543\" height=\"360\" srcset=\"https:\/\/www.clubsurco.es\/wp-content\/uploads\/1421-2016-08-21-5-LA-XII-TROF-ACACYR-M\u00c1GINA-Media-Cabra-Sto-Cristo-300x199.jpg 300w, https:\/\/www.clubsurco.es\/wp-content\/uploads\/1421-2016-08-21-5-LA-XII-TROF-ACACYR-M\u00c1GINA-Media-Cabra-Sto-Cristo-768x509.jpg 768w, https:\/\/www.clubsurco.es\/wp-content\/uploads\/1421-2016-08-21-5-LA-XII-TROF-ACACYR-M\u00c1GINA-Media-Cabra-Sto-Cristo-1024x678.jpg 1024w, https:\/\/www.clubsurco.es\/wp-content\/uploads\/1421-2016-08-21-5-LA-XII-TROF-ACACYR-M\u00c1GINA-Media-Cabra-Sto-Cristo-619x410.jpg 619w, https:\/\/www.clubsurco.es\/wp-content\/uploads\/1421-2016-08-21-5-LA-XII-TROF-ACACYR-M\u00c1GINA-Media-Cabra-Sto-Cristo.jpg 1232w\" sizes=\"auto, (max-width: 543px) 100vw, 543px\" \/><\/p>\n","protected":false},"excerpt":{"rendered":"<p>El pasado d\u00eda 24 de Septiembre y finalizada la carrera de la liga Veleta en Santa F\u00e9, tuvo lugar un emotivo acto en recuerdo de Encarna. El Club de Orientaci\u00f3n VELETA quiso as\u00ed rendir un merecido homenaje a esta gran orientadora. Todos, la recordamos con cari\u00f1o. Participante habitual en competiciones de liga Andaluza y Nacional, [&hellip;]<\/p>\n","protected":false},"author":1,"featured_media":0,"comment_status":"closed","ping_status":"closed","sticky":false,"template":"","format":"standard","meta":{"footnotes":""},"categories":[1],"tags":[],"class_list":["post-7351","post","type-post","status-publish","format-standard","hentry","category-sin-categoria"],"_links":{"self":[{"href":"https:\/\/www.clubsurco.es\/index.php?rest_route=\/wp\/v2\/posts\/7351","targetHints":{"allow":["GET"]}}],"collection":[{"href":"https:\/\/www.clubsurco.es\/index.php?rest_route=\/wp\/v2\/posts"}],"about":[{"href":"https:\/\/www.clubsurco.es\/index.php?rest_route=\/wp\/v2\/types\/post"}],"author":[{"embeddable":true,"href":"https:\/\/www.clubsurco.es\/index.php?rest_route=\/wp\/v2\/users\/1"}],"replies":[{"embeddable":true,"href":"https:\/\/www.clubsurco.es\/index.php?rest_route=%2Fwp%2Fv2%2Fcomments&post=7351"}],"version-history":[{"count":1,"href":"https:\/\/www.clubsurco.es\/index.php?rest_route=\/wp\/v2\/posts\/7351\/revisions"}],"predecessor-version":[{"id":7352,"href":"https:\/\/www.clubsurco.es\/index.php?rest_route=\/wp\/v2\/posts\/7351\/revisions\/7352"}],"wp:attachment":[{"href":"https:\/\/www.clubsurco.es\/index.php?rest_route=%2Fwp%2Fv2%2Fmedia&parent=7351"}],"wp:term":[{"taxonomy":"category","embeddable":true,"href":"https:\/\/www.clubsurco.es\/index.php?rest_route=%2Fwp%2Fv2%2Fcategories&post=7351"},{"taxonomy":"post_tag","embeddable":true,"href":"https:\/\/www.clubsurco.es\/index.php?rest_route=%2Fwp%2Fv2%2Ftags&post=7351"}],"curies":[{"name":"wp","href":"https:\/\/api.w.org\/{rel}","templated":true}]}}