{"id":8776,"date":"2025-01-23T15:54:25","date_gmt":"2025-01-23T14:54:25","guid":{"rendered":"http:\/\/www.clubsurco.es\/?p=8776"},"modified":"2025-01-23T15:57:18","modified_gmt":"2025-01-23T14:57:18","slug":"el-ceur-2025-cambia-de-fecha","status":"publish","type":"post","link":"https:\/\/www.clubsurco.es\/?p=8776","title":{"rendered":"El CEUR 2025 cambia de fecha"},"content":{"rendered":"<h2><span style=\"color: #ff0000;\"><strong>El CEUR 2025 se celebrar\u00e1 el 15 de Noviembre<\/strong><\/span><\/h2>\n<p>A petici\u00f3n de la <strong>Federaci\u00f3n Espa\u00f1ola del Deporte de Orientaci\u00f3n (FEDO)<\/strong>, Surco, tras el estudio de fechas adecuadas para todos los implicados en su organizaci\u00f3n, traslada la celebraci\u00f3n de este evento al <strong>15 de Noviembre.<\/strong><\/p>\n<p><img loading=\"lazy\" decoding=\"async\" class=\"aligncenter  wp-image-8771\" src=\"https:\/\/www.clubsurco.es\/wp-content\/uploads\/Nota-FEDO-cambio-de-fechas-CEUR-300x41.jpg\" alt=\"\" width=\"666\" height=\"91\" srcset=\"https:\/\/www.clubsurco.es\/wp-content\/uploads\/Nota-FEDO-cambio-de-fechas-CEUR-300x41.jpg 300w, https:\/\/www.clubsurco.es\/wp-content\/uploads\/Nota-FEDO-cambio-de-fechas-CEUR-768x106.jpg 768w, https:\/\/www.clubsurco.es\/wp-content\/uploads\/Nota-FEDO-cambio-de-fechas-CEUR-619x86.jpg 619w, https:\/\/www.clubsurco.es\/wp-content\/uploads\/Nota-FEDO-cambio-de-fechas-CEUR.jpg 875w\" sizes=\"auto, (max-width: 666px) 100vw, 666px\" \/><\/p>\n<p><em><a href=\"https:\/\/carrerasorientacionalmeria.clubsurco.es\/\"><img loading=\"lazy\" decoding=\"async\" class=\"aligncenter  wp-image-8770\" src=\"https:\/\/www.clubsurco.es\/wp-content\/uploads\/Cartel-monsterrogaine-103-red-213x300.jpg\" alt=\"\" width=\"360\" height=\"507\" \/><\/a>\u00a0<\/em><\/p>\n\n\n<p><\/p>\n","protected":false},"excerpt":{"rendered":"<p>El CEUR 2025 se celebrar\u00e1 el 15 de Noviembre A petici\u00f3n de la Federaci\u00f3n Espa\u00f1ola del Deporte de Orientaci\u00f3n (FEDO), Surco, tras el estudio de fechas adecuadas para todos los implicados en su organizaci\u00f3n, traslada la celebraci\u00f3n de este evento al 15 de Noviembre. \u00a0<\/p>\n","protected":false},"author":1,"featured_media":0,"comment_status":"closed","ping_status":"closed","sticky":false,"template":"","format":"standard","meta":{"footnotes":""},"categories":[1],"tags":[],"class_list":["post-8776","post","type-post","status-publish","format-standard","hentry","category-sin-categoria"],"_links":{"self":[{"href":"https:\/\/www.clubsurco.es\/index.php?rest_route=\/wp\/v2\/posts\/8776","targetHints":{"allow":["GET"]}}],"collection":[{"href":"https:\/\/www.clubsurco.es\/index.php?rest_route=\/wp\/v2\/posts"}],"about":[{"href":"https:\/\/www.clubsurco.es\/index.php?rest_route=\/wp\/v2\/types\/post"}],"author":[{"embeddable":true,"href":"https:\/\/www.clubsurco.es\/index.php?rest_route=\/wp\/v2\/users\/1"}],"replies":[{"embeddable":true,"href":"https:\/\/www.clubsurco.es\/index.php?rest_route=%2Fwp%2Fv2%2Fcomments&post=8776"}],"version-history":[{"count":2,"href":"https:\/\/www.clubsurco.es\/index.php?rest_route=\/wp\/v2\/posts\/8776\/revisions"}],"predecessor-version":[{"id":8779,"href":"https:\/\/www.clubsurco.es\/index.php?rest_route=\/wp\/v2\/posts\/8776\/revisions\/8779"}],"wp:attachment":[{"href":"https:\/\/www.clubsurco.es\/index.php?rest_route=%2Fwp%2Fv2%2Fmedia&parent=8776"}],"wp:term":[{"taxonomy":"category","embeddable":true,"href":"https:\/\/www.clubsurco.es\/index.php?rest_route=%2Fwp%2Fv2%2Fcategories&post=8776"},{"taxonomy":"post_tag","embeddable":true,"href":"https:\/\/www.clubsurco.es\/index.php?rest_route=%2Fwp%2Fv2%2Ftags&post=8776"}],"curies":[{"name":"wp","href":"https:\/\/api.w.org\/{rel}","templated":true}]}}